{"id":1553,"date":"2021-01-18T14:25:29","date_gmt":"2021-01-18T20:25:29","guid":{"rendered":"https:\/\/nvnoticias.mx\/?p=1553"},"modified":"2021-01-18T14:25:30","modified_gmt":"2021-01-18T20:25:30","slug":"actualizaran-multas-de-transito-en-veracruz","status":"publish","type":"post","link":"https:\/\/nvnoticias.mx\/index.php\/2021\/01\/18\/actualizaran-multas-de-transito-en-veracruz\/","title":{"rendered":"Actualizar\u00e1n multas de tr\u00e1nsito en Veracruz"},"content":{"rendered":"\n<p><strong>Jes\u00fas Utrilla \/ NV Noticias<\/strong><\/p>\n\n\n\n<p>El tabulador de infracciones del municipio de Veracruz incrementar\u00e1 de acuerdo a la Unidad de Medida y Actualizaci\u00f3n.<\/p>\n\n\n\n<p>Jos\u00e9 Antonio Salazar R\u00edos, regidor con la Comisi\u00f3n de Tr\u00e1nsito y Vialidad, aclar\u00f3 que no habr\u00e1 incremento a las multas \u00fanicamente subir\u00e1n conforme a la UMA 2021.<\/p>\n\n\n\n<blockquote class=\"wp-block-quote is-layout-flow wp-block-quote-is-layout-flow\"><p>\u201cPor el momento no habr\u00e1 incremento, solamente el UMA y todav\u00eda no sabemos c\u00f3mo vaya a estar. Va a ser actualizaci\u00f3n del UMA, no por parte de nosotros. Las tarifas quedan igual\u201d.<\/p><\/blockquote>\n\n\n\n<p>El edil exhort\u00f3 a los automovilistas a cumplir con el reglamento de tr\u00e1nsito y evitar incurrir en faltas al reglamento.<\/p>\n\n\n\n<p>Adem\u00e1s es obligatorio portar los documentos en regla, como la licencia y la tarjeta de circulaci\u00f3n.<\/p>\n\n\n\n<p>Rechaz\u00f3 que debido a la emergencia sanitaria del coronavirus haya retraso en el tr\u00e1mite de dichos documentos.<\/p>\n\n\n\n<p>El edil se\u00f1al\u00f3 que los operativos van a continuar en calles de la ciudad porte\u00f1a.<\/p>\n\n\n\n<blockquote class=\"wp-block-quote is-layout-flow wp-block-quote-is-layout-flow\"><p>\u201cUn usuario debe traer su tarjeta de circulaci\u00f3n, su licencia vigente y yo creo que no va a tener ning\u00fan problema, incluso en los operativos la revisi\u00f3n es r\u00e1pida y si cuentan con sus documentos no tienen ning\u00fan problema. No tenemos notificado ning\u00fan atraso en la emisi\u00f3n de licencias. Los m\u00f3dulos siguen trabajando, tambi\u00e9n para renovaciones\u201d.<\/p><\/blockquote>\n\n\n\n<p>Finalmente el regidor descart\u00f3 que ya han recibido quejas recientes en contra de elementos de tr\u00e1nsito por supuesto se actos de corrupci\u00f3n.<\/p>\n","protected":false},"excerpt":{"rendered":"<p>Es obligatorio portar los documentos en regla, como la licencia y la tarjeta de circulaci\u00f3n.<\/p>\n","protected":false},"author":6,"featured_media":1565,"comment_status":"open","ping_status":"open","sticky":false,"template":"","format":"standard","meta":{"_monsterinsights_skip_tracking":false,"_monsterinsights_sitenote_active":false,"_monsterinsights_sitenote_note":"","_monsterinsights_sitenote_category":0,"footnotes":""},"categories":[154],"tags":[306,162,305,180],"class_list":["post-1553","post","type-post","status-publish","format-standard","has-post-thumbnail","hentry","category-veracruz","tag-multas","tag-portada","tag-transito","tag-veracruz","wp-image-borders"],"amp_enabled":true,"_links":{"self":[{"href":"https:\/\/nvnoticias.mx\/index.php\/wp-json\/wp\/v2\/posts\/1553","targetHints":{"allow":["GET"]}}],"collection":[{"href":"https:\/\/nvnoticias.mx\/index.php\/wp-json\/wp\/v2\/posts"}],"about":[{"href":"https:\/\/nvnoticias.mx\/index.php\/wp-json\/wp\/v2\/types\/post"}],"author":[{"embeddable":true,"href":"https:\/\/nvnoticias.mx\/index.php\/wp-json\/wp\/v2\/users\/6"}],"replies":[{"embeddable":true,"href":"https:\/\/nvnoticias.mx\/index.php\/wp-json\/wp\/v2\/comments?post=1553"}],"version-history":[{"count":1,"href":"https:\/\/nvnoticias.mx\/index.php\/wp-json\/wp\/v2\/posts\/1553\/revisions"}],"predecessor-version":[{"id":1559,"href":"https:\/\/nvnoticias.mx\/index.php\/wp-json\/wp\/v2\/posts\/1553\/revisions\/1559"}],"wp:featuredmedia":[{"embeddable":true,"href":"https:\/\/nvnoticias.mx\/index.php\/wp-json\/wp\/v2\/media\/1565"}],"wp:attachment":[{"href":"https:\/\/nvnoticias.mx\/index.php\/wp-json\/wp\/v2\/media?parent=1553"}],"wp:term":[{"taxonomy":"category","embeddable":true,"href":"https:\/\/nvnoticias.mx\/index.php\/wp-json\/wp\/v2\/categories?post=1553"},{"taxonomy":"post_tag","embeddable":true,"href":"https:\/\/nvnoticias.mx\/index.php\/wp-json\/wp\/v2\/tags?post=1553"}],"curies":[{"name":"wp","href":"https:\/\/api.w.org\/{rel}","templated":true}]}}