{"id":155235,"date":"2024-07-22T11:51:56","date_gmt":"2024-07-22T17:51:56","guid":{"rendered":"https:\/\/nvnoticias.mx\/?p=155235"},"modified":"2024-07-22T11:51:57","modified_gmt":"2024-07-22T17:51:57","slug":"elogia-kamala-harris-a-joe-biden-durante-su-debut-como-aspirante-presidencial","status":"publish","type":"post","link":"https:\/\/nvnoticias.mx\/index.php\/2024\/07\/22\/elogia-kamala-harris-a-joe-biden-durante-su-debut-como-aspirante-presidencial\/","title":{"rendered":"Elogia Kamala Harris a Joe Biden durante su debut como aspirante presidencial"},"content":{"rendered":"\n<p>La vicepresidenta,<strong>\u00a0Kamala Harris<\/strong>\u00a0y una de las favoritas para ser la abanderada del\u00a0<strong>Partido Dem\u00f3crata<\/strong>\u00a0brindo su primer mensaje donde reconoci\u00f3 los logros del mandato de\u00a0<strong>Joe Biden<\/strong>.<\/p>\n\n\n\n<p>&#8220;Inigualable en la historia moderna&#8221;, as\u00ed calific\u00f3 Harris a su compa\u00f1ero de formula, y quien ahora se encuentra recuper\u00e1ndose de&nbsp;<strong>Covid-19<\/strong>.<\/p>\n\n\n\n<p>La ahora, aspirante presidencial destac\u00f3 que Biden hizo m\u00e1s en un mandato que otros antecesores.<\/p>\n\n\n\n<p>&#8220;El legado de logros de Joe Biden durante los \u00faltimos tres a\u00f1os no tiene parang\u00f3n en la historia moderna. En un mandato ya ha superado el legado de la mayor\u00eda de los presidentes que han servido dos mandatos en el cargo&#8221;, manifest\u00f3 en su primer acto como aspirante tras el fin de la campa\u00f1a electoral de Biden, quien la respald\u00f3 para enfrentarse al expresidente<strong>&nbsp;Donald Trump&nbsp;<\/strong>en noviembre.<\/p>\n\n\n\n<p>En el jard\u00edn sur de la Casa Blanca y con decenas de periodistas, c\u00e1maras de televisi\u00f3n y fot\u00f3grafos con el foco en ella, Harris elogi\u00f3 adem\u00e1s la &#8220;honestidad&#8221; e &#8220;integridad&#8221; de Biden, as\u00ed como su &#8220;profundo amor&#8221; por EU, que en su opini\u00f3n le han guiado a la hora de tomar la decisi\u00f3n de poner fin a su campa\u00f1a.<\/p>\n\n\n\n<p>Fuente: El <a href=\"https:\/\/www.eluniversal.com.mx\/mundo\/kamala-harris-elogia-a-joe-biden-durante-su-debut-como-aspirante-presidencial\/\" data-type=\"link\" data-id=\"https:\/\/www.eluniversal.com.mx\/mundo\/kamala-harris-elogia-a-joe-biden-durante-su-debut-como-aspirante-presidencial\/\">Universal<\/a> <\/p>\n","protected":false},"excerpt":{"rendered":"<p>La vicepresidenta,\u00a0Kamala Harris\u00a0y una de las favoritas para ser la abanderada del\u00a0Partido Dem\u00f3crata\u00a0brindo su primer mensaje donde reconoci\u00f3 los logros del mandato de\u00a0Joe Biden. &#8220;Inigualable en la historia moderna&#8221;, as\u00ed calific\u00f3 Harris a su compa\u00f1ero de formula, y quien ahora se encuentra recuper\u00e1ndose de&nbsp;Covid-19. La ahora, aspirante presidencial destac\u00f3 que Biden hizo m\u00e1s en un [&hellip;]<\/p>\n","protected":false},"author":35,"featured_media":155241,"comment_status":"open","ping_status":"open","sticky":false,"template":"","format":"standard","meta":{"_monsterinsights_skip_tracking":false,"_monsterinsights_sitenote_active":false,"_monsterinsights_sitenote_note":"","_monsterinsights_sitenote_category":0,"footnotes":""},"categories":[181],"tags":[182,2515],"class_list":["post-155235","post","type-post","status-publish","format-standard","has-post-thumbnail","hentry","category-internacional","tag-joe-biden","tag-kamala-harris","wp-image-borders"],"amp_enabled":true,"_links":{"self":[{"href":"https:\/\/nvnoticias.mx\/index.php\/wp-json\/wp\/v2\/posts\/155235","targetHints":{"allow":["GET"]}}],"collection":[{"href":"https:\/\/nvnoticias.mx\/index.php\/wp-json\/wp\/v2\/posts"}],"about":[{"href":"https:\/\/nvnoticias.mx\/index.php\/wp-json\/wp\/v2\/types\/post"}],"author":[{"embeddable":true,"href":"https:\/\/nvnoticias.mx\/index.php\/wp-json\/wp\/v2\/users\/35"}],"replies":[{"embeddable":true,"href":"https:\/\/nvnoticias.mx\/index.php\/wp-json\/wp\/v2\/comments?post=155235"}],"version-history":[{"count":4,"href":"https:\/\/nvnoticias.mx\/index.php\/wp-json\/wp\/v2\/posts\/155235\/revisions"}],"predecessor-version":[{"id":155240,"href":"https:\/\/nvnoticias.mx\/index.php\/wp-json\/wp\/v2\/posts\/155235\/revisions\/155240"}],"wp:featuredmedia":[{"embeddable":true,"href":"https:\/\/nvnoticias.mx\/index.php\/wp-json\/wp\/v2\/media\/155241"}],"wp:attachment":[{"href":"https:\/\/nvnoticias.mx\/index.php\/wp-json\/wp\/v2\/media?parent=155235"}],"wp:term":[{"taxonomy":"category","embeddable":true,"href":"https:\/\/nvnoticias.mx\/index.php\/wp-json\/wp\/v2\/categories?post=155235"},{"taxonomy":"post_tag","embeddable":true,"href":"https:\/\/nvnoticias.mx\/index.php\/wp-json\/wp\/v2\/tags?post=155235"}],"curies":[{"name":"wp","href":"https:\/\/api.w.org\/{rel}","templated":true}]}}