{"id":155220,"date":"2024-07-22T11:25:48","date_gmt":"2024-07-22T17:25:48","guid":{"rendered":"https:\/\/nvnoticias.mx\/?p=155220"},"modified":"2024-07-22T11:25:50","modified_gmt":"2024-07-22T17:25:50","slug":"amlo-salta-por-ebrard-y-lo-defiende-de-supuesto-insulto-de-trump","status":"publish","type":"post","link":"https:\/\/nvnoticias.mx\/index.php\/2024\/07\/22\/amlo-salta-por-ebrard-y-lo-defiende-de-supuesto-insulto-de-trump\/","title":{"rendered":"AMLO \u2018salta\u2019 por Ebrard y lo defiende de supuesto insulto de Trump"},"content":{"rendered":"\n<p>\u201c<strong>No confrontaci\u00f3n, s\u00ed di\u00e1logo, s\u00ed cooperaci\u00f3n y s\u00ed respeto a nuestras soberan\u00edas<\/strong>\u201d, esta fue la respuesta del presidente Andr\u00e9s Manuel L\u00f3pez Obrador al\u00a0supuesto insulto de Donald Trump contra Marcelo Ebrard, futuro secretario de Econom\u00eda en el Gobierno de Claudia Sheinbaum.<\/p>\n\n\n\n<p>L\u00f3pez Obrador fue cuestionado en\u00a0su \u2018ma\u00f1anera\u2019 de este lunes 22 de julio\u00a0sobre las declaraciones de Trump, quien presumi\u00f3 haber \u2018vencido\u2019 a Ebrard con la amenaza de aranceles si M\u00e9xico no aumentaba la presencia de militares en la frontera mientras EU constru\u00eda el muro, esto durante 2019.<\/p>\n\n\n\n<p>\u201cEl representante del presidente (<strong>sin mencionar el nombre de Marcelo Ebrard<\/strong>) dijo que quer\u00eda discutir esta iniciativa con el presidente de M\u00e9xico y yo le dije que solo le dar\u00eda cinco minutos porque ten\u00eda cosas m\u00e1s importantes que hacer. Despu\u00e9s vino a decir que con gusto nos dar\u00edan los soldados para proteger el muro, libre de impuestos, por supuesto. Nos dieron todo. Gan\u00e9.&nbsp;<strong>Consegu\u00ed todo de M\u00e9xico<\/strong>\u201d, coment\u00f3 Trump<a href=\"https:\/\/www.elfinanciero.com.mx\/nacional\/2024\/07\/20\/sheinbaum-y-ebrard-responden-a-amenazas-de-trump-sobre-t-mec-se-negociara-con-fuerza-y-no-subordinacion\/\">&nbsp;<\/a>en un video que se hizo tendencia durante el fin de semana pasado.<\/p>\n\n\n\n<p>Sin embargo, en redes tambi\u00e9n se difundi\u00f3 err\u00f3neamente que Trump dijo que Ebrard era una\u00a0\u201cpersona est\u00fapida, con un IQ bajo\u201d, insulto que en realidad fue para\u00a0el presidente Joe Biden, quien declin\u00f3 la candidatura presidencial durante el fin de semana.<\/p>\n\n\n\n<p>No obstante, Marcelo Ebrard se \u2018puso el saco\u2019 y respondi\u00f3 a Donald Trump, al afirmar que el insulto formaba parte de la campa\u00f1a pol\u00edtica del expresidente de Estados Unidos.<\/p>\n\n\n\n<p>Fuente: El <a href=\"https:\/\/www.elfinanciero.com.mx\/nacional\/2024\/07\/22\/que-dijo-amlo-sobre-supuesto-insulto-de-trump-contra-ebrard\/?outputType=amp\" data-type=\"link\" data-id=\"https:\/\/www.elfinanciero.com.mx\/nacional\/2024\/07\/22\/que-dijo-amlo-sobre-supuesto-insulto-de-trump-contra-ebrard\/?outputType=amp\">Universal<\/a> <\/p>\n","protected":false},"excerpt":{"rendered":"<p>\u201cNo confrontaci\u00f3n, s\u00ed di\u00e1logo, s\u00ed cooperaci\u00f3n y s\u00ed respeto a nuestras soberan\u00edas\u201d, esta fue la respuesta del presidente Andr\u00e9s Manuel L\u00f3pez Obrador al\u00a0supuesto insulto de Donald Trump contra Marcelo Ebrard, futuro secretario de Econom\u00eda en el Gobierno de Claudia Sheinbaum. L\u00f3pez Obrador fue cuestionado en\u00a0su \u2018ma\u00f1anera\u2019 de este lunes 22 de julio\u00a0sobre las declaraciones de [&hellip;]<\/p>\n","protected":false},"author":35,"featured_media":155222,"comment_status":"open","ping_status":"open","sticky":false,"template":"","format":"standard","meta":{"_monsterinsights_skip_tracking":false,"_monsterinsights_sitenote_active":false,"_monsterinsights_sitenote_note":"","_monsterinsights_sitenote_category":0,"footnotes":""},"categories":[158],"tags":[188,230,391],"class_list":["post-155220","post","type-post","status-publish","format-standard","has-post-thumbnail","hentry","category-politica","tag-amlo","tag-donald-trump","tag-marcelo-ebrard","wp-image-borders"],"amp_enabled":true,"_links":{"self":[{"href":"https:\/\/nvnoticias.mx\/index.php\/wp-json\/wp\/v2\/posts\/155220","targetHints":{"allow":["GET"]}}],"collection":[{"href":"https:\/\/nvnoticias.mx\/index.php\/wp-json\/wp\/v2\/posts"}],"about":[{"href":"https:\/\/nvnoticias.mx\/index.php\/wp-json\/wp\/v2\/types\/post"}],"author":[{"embeddable":true,"href":"https:\/\/nvnoticias.mx\/index.php\/wp-json\/wp\/v2\/users\/35"}],"replies":[{"embeddable":true,"href":"https:\/\/nvnoticias.mx\/index.php\/wp-json\/wp\/v2\/comments?post=155220"}],"version-history":[{"count":4,"href":"https:\/\/nvnoticias.mx\/index.php\/wp-json\/wp\/v2\/posts\/155220\/revisions"}],"predecessor-version":[{"id":155225,"href":"https:\/\/nvnoticias.mx\/index.php\/wp-json\/wp\/v2\/posts\/155220\/revisions\/155225"}],"wp:featuredmedia":[{"embeddable":true,"href":"https:\/\/nvnoticias.mx\/index.php\/wp-json\/wp\/v2\/media\/155222"}],"wp:attachment":[{"href":"https:\/\/nvnoticias.mx\/index.php\/wp-json\/wp\/v2\/media?parent=155220"}],"wp:term":[{"taxonomy":"category","embeddable":true,"href":"https:\/\/nvnoticias.mx\/index.php\/wp-json\/wp\/v2\/categories?post=155220"},{"taxonomy":"post_tag","embeddable":true,"href":"https:\/\/nvnoticias.mx\/index.php\/wp-json\/wp\/v2\/tags?post=155220"}],"curies":[{"name":"wp","href":"https:\/\/api.w.org\/{rel}","templated":true}]}}