{"id":154904,"date":"2024-07-19T05:06:14","date_gmt":"2024-07-19T11:06:14","guid":{"rendered":"https:\/\/nvnoticias.mx\/?p=154904"},"modified":"2024-07-19T05:06:16","modified_gmt":"2024-07-19T11:06:16","slug":"ine-cofece-e-inai-organismos-autonomos-mas-debilitadas-por-amlo-ong","status":"publish","type":"post","link":"https:\/\/nvnoticias.mx\/index.php\/2024\/07\/19\/ine-cofece-e-inai-organismos-autonomos-mas-debilitadas-por-amlo-ong\/","title":{"rendered":"INE, Cofece e INAI, organismos aut\u00f3nomos m\u00e1s debilitadas por AMLO: ONG"},"content":{"rendered":"\n<p>El Instituto Nacional Electoral (INE), la Comisi\u00f3n Federal de Competencia Econ\u00f3mica (Cofece) y el Instituto Nacional de Transparencia, Acceso a la Informaci\u00f3n y Protecci\u00f3n de Datos Personales (INAI) son los tres organismos aut\u00f3nomos m\u00e1s debilitados por la administraci\u00f3n de Andr\u00e9s Manuel L\u00f3pez Obrador.<\/p>\n\n\n\n<p>As\u00ed lo revela la organizaci\u00f3n no gubernamental Signos Vitales en su reporte \u201cM\u00e9xico. Elecciones 2024. Ilegalidad, crimen, violencia, inequidad\u201d en el que identific\u00f3 que el ahorcamiento presupuestal, los ataques p\u00fablicos y la colonizaci\u00f3n de los poderes aut\u00f3nomos son los m\u00e9todos con los que el Ejecutivo federal busca exterminar a los organismos.<\/p>\n\n\n\n<blockquote class=\"wp-block-quote is-layout-flow wp-block-quote-is-layout-flow\">\n<p>\u201cUna de las caracter\u00edsticas m\u00e1s visibles de esta administraci\u00f3n federal ha sido el debilitamiento de pesos y contrapesos a trav\u00e9s de tres v\u00edas: 1) el debilitamiento presupuestal, 2) la colonizaci\u00f3n de poderes aut\u00f3nomos y 3) la presi\u00f3n y ataque a instituciones, organizaciones y personas que el Presidente considere como adversarios.<\/p>\n<\/blockquote>\n\n\n\n<blockquote class=\"wp-block-quote is-layout-flow wp-block-quote-is-layout-flow\">\n<p>\u201cEl ahorcamiento presupuestal y los ataques p\u00fablicos a distintas instituciones p\u00fablicas, son un s\u00edntoma de la intenci\u00f3n que el Presidente ha tenido sobre erradicar cualquier barrera constitucional, legal e institucional que se oponga a su proyecto pol\u00edtico\u201d, detall\u00f3 en el documento la organizaci\u00f3n dirigida por Mar\u00eda Amparo Casar, Enrique C\u00e1rdenas, Julio Frenk, Mar\u00eda Elena Morera, Alejandra Palacios, Federico Reyes Heroles, Jorge Su\u00e1rez V\u00e9lez y Duncan Wood.<\/p>\n<\/blockquote>\n\n\n\n<p>El reporte detalla que, a trav\u00e9s de un an\u00e1lisis realizado al Presupuesto de Egresos de la Federaci\u00f3n y el Proyecto de Presupuesto de Egresos de la Federaci\u00f3n para el ejercicio fiscal del 2024, el INE tuvo la mayor disminuci\u00f3n presupuestal, seguido por la Cofece y, finalmente el INAI.<\/p>\n\n\n\n<blockquote class=\"wp-block-quote is-layout-flow wp-block-quote-is-layout-flow\">\n<p>\u201cLa mayor disminuci\u00f3n la presenta el INE, con una variaci\u00f3n de \u201313.25% entre lo proyectado por el PPEF y lo aprobado por el PEF; tambi\u00e9n la COFECE present\u00f3 una reducci\u00f3n importante del \u201311.3% y el INAI por su parte tuvo una variaci\u00f3n de \u20136.1%, mientras que la CNDH, el IFT y la FGR no presentaron aumentos ni reducciones\u201d, enlist\u00f3 Signos Vitales.<\/p>\n<\/blockquote>\n\n\n\n<p>Fuente: El Universal<br>https:\/\/www.eluniversal.com.mx\/nacion\/ine-cofece-e-inai-organismos-autonomos-mas-debilitadas-por-amlo-reporta-ong\/?outputType=amp<\/p>\n","protected":false},"excerpt":{"rendered":"<p>El Instituto Nacional Electoral (INE), la Comisi\u00f3n Federal de Competencia Econ\u00f3mica (Cofece) y el Instituto Nacional de Transparencia, Acceso a la Informaci\u00f3n y Protecci\u00f3n de Datos Personales (INAI) son los tres organismos aut\u00f3nomos m\u00e1s debilitados por la administraci\u00f3n de Andr\u00e9s Manuel L\u00f3pez Obrador. As\u00ed lo revela la organizaci\u00f3n no gubernamental Signos Vitales en su reporte [&hellip;]<\/p>\n","protected":false},"author":35,"featured_media":149918,"comment_status":"open","ping_status":"open","sticky":false,"template":"","format":"standard","meta":{"_monsterinsights_skip_tracking":false,"_monsterinsights_sitenote_active":false,"_monsterinsights_sitenote_note":"","_monsterinsights_sitenote_category":0,"footnotes":""},"categories":[158],"tags":[188,6192,355,443,162],"class_list":["post-154904","post","type-post","status-publish","format-standard","has-post-thumbnail","hentry","category-politica","tag-amlo","tag-cofece","tag-inai","tag-ine","tag-portada","wp-image-borders"],"amp_enabled":true,"_links":{"self":[{"href":"https:\/\/nvnoticias.mx\/index.php\/wp-json\/wp\/v2\/posts\/154904","targetHints":{"allow":["GET"]}}],"collection":[{"href":"https:\/\/nvnoticias.mx\/index.php\/wp-json\/wp\/v2\/posts"}],"about":[{"href":"https:\/\/nvnoticias.mx\/index.php\/wp-json\/wp\/v2\/types\/post"}],"author":[{"embeddable":true,"href":"https:\/\/nvnoticias.mx\/index.php\/wp-json\/wp\/v2\/users\/35"}],"replies":[{"embeddable":true,"href":"https:\/\/nvnoticias.mx\/index.php\/wp-json\/wp\/v2\/comments?post=154904"}],"version-history":[{"count":1,"href":"https:\/\/nvnoticias.mx\/index.php\/wp-json\/wp\/v2\/posts\/154904\/revisions"}],"predecessor-version":[{"id":154905,"href":"https:\/\/nvnoticias.mx\/index.php\/wp-json\/wp\/v2\/posts\/154904\/revisions\/154905"}],"wp:featuredmedia":[{"embeddable":true,"href":"https:\/\/nvnoticias.mx\/index.php\/wp-json\/wp\/v2\/media\/149918"}],"wp:attachment":[{"href":"https:\/\/nvnoticias.mx\/index.php\/wp-json\/wp\/v2\/media?parent=154904"}],"wp:term":[{"taxonomy":"category","embeddable":true,"href":"https:\/\/nvnoticias.mx\/index.php\/wp-json\/wp\/v2\/categories?post=154904"},{"taxonomy":"post_tag","embeddable":true,"href":"https:\/\/nvnoticias.mx\/index.php\/wp-json\/wp\/v2\/tags?post=154904"}],"curies":[{"name":"wp","href":"https:\/\/api.w.org\/{rel}","templated":true}]}}