{"id":154825,"date":"2024-07-18T06:15:00","date_gmt":"2024-07-18T12:15:00","guid":{"rendered":"https:\/\/nvnoticias.mx\/?p=154825"},"modified":"2024-07-17T23:16:29","modified_gmt":"2024-07-18T05:16:29","slug":"pidio-lider-democrata-del-senado-a-biden-hacerse-a-un-lado-de-la-candidatura","status":"publish","type":"post","link":"https:\/\/nvnoticias.mx\/index.php\/2024\/07\/18\/pidio-lider-democrata-del-senado-a-biden-hacerse-a-un-lado-de-la-candidatura\/","title":{"rendered":"Pidi\u00f3 l\u00edder dem\u00f3crata del Senado a Biden hacerse a un lado de la candidatura"},"content":{"rendered":"\n<p>El l\u00edder de la mayor\u00eda del Senado, Chuck Schumer, inst\u00f3 al presidente estadounidense Joe Biden a abandonar la carrera, inform\u00f3 ABC News.<\/p>\n\n\n\n<p>Seg\u00fan Jonathan Karl, corresponsal en Washington, Schumer dijo al mandatario en una reuni\u00f3n en Delaware que ser\u00eda mejor para el Partido Dem\u00f3crata y para el pa\u00eds si Biden deja la competencia.<\/p>\n\n\n\n<p>De acuerdo con el periodista, la oficina de Schumer no neg\u00f3 la versi\u00f3n, pero a\u00f1adi\u00f3 que &#8220;el l\u00edder Schumer transmite las opiniones de los senadores dem\u00f3cratas&#8221;. Karl indic\u00f3 que Hakeem Jeffries, l\u00edder dem\u00f3crata de la C\u00e1mara Baja, ha transmitido similares puntos de vista directamente al presidente.<\/p>\n\n\n\n<p>Adem\u00e1s, Schumer y Jeffries presionaron al partido para que retrasara su proceso de nominaci\u00f3n, dijeron varias fuentes a ABC News.<\/p>\n\n\n\n<p>Esto se produce despu\u00e9s de que Schumer se reuniera en privado con el presidente Biden el s\u00e1bado en Rehoboth, Delaware. Despu\u00e9s de la reuni\u00f3n, Schumer se limit\u00f3 a describirla como una &#8220;buena reuni\u00f3n&#8221;.<\/p>\n\n\n\n<p>Esta es la mayor indicaci\u00f3n hasta el momento de que Schumer mantiene una mente abierta sobre el futuro de Biden. Schumer y Jeffries hablaron y ambos acordaron seguir adelante, seg\u00fan las fuentes.<\/p>\n\n\n\n<p>Fuente: El Universal<br>https:\/\/www.eluniversal.com.mx\/mundo\/lider-democrata-del-senado-pidio-a-biden-hacerse-a-un-lado-de-la-candidatura-reportan-medios\/<\/p>\n","protected":false},"excerpt":{"rendered":"<p>El l\u00edder de la mayor\u00eda del Senado, Chuck Schumer, inst\u00f3 al presidente estadounidense Joe Biden a abandonar la carrera, inform\u00f3 ABC News. Seg\u00fan Jonathan Karl, corresponsal en Washington, Schumer dijo al mandatario en una reuni\u00f3n en Delaware que ser\u00eda mejor para el Partido Dem\u00f3crata y para el pa\u00eds si Biden deja la competencia. De acuerdo [&hellip;]<\/p>\n","protected":false},"author":35,"featured_media":154826,"comment_status":"open","ping_status":"open","sticky":false,"template":"","format":"standard","meta":{"_monsterinsights_skip_tracking":false,"_monsterinsights_sitenote_active":false,"_monsterinsights_sitenote_note":"","_monsterinsights_sitenote_category":0,"footnotes":""},"categories":[181],"tags":[182,369],"class_list":["post-154825","post","type-post","status-publish","format-standard","has-post-thumbnail","hentry","category-internacional","tag-joe-biden","tag-senado","wp-image-borders"],"amp_enabled":true,"_links":{"self":[{"href":"https:\/\/nvnoticias.mx\/index.php\/wp-json\/wp\/v2\/posts\/154825","targetHints":{"allow":["GET"]}}],"collection":[{"href":"https:\/\/nvnoticias.mx\/index.php\/wp-json\/wp\/v2\/posts"}],"about":[{"href":"https:\/\/nvnoticias.mx\/index.php\/wp-json\/wp\/v2\/types\/post"}],"author":[{"embeddable":true,"href":"https:\/\/nvnoticias.mx\/index.php\/wp-json\/wp\/v2\/users\/35"}],"replies":[{"embeddable":true,"href":"https:\/\/nvnoticias.mx\/index.php\/wp-json\/wp\/v2\/comments?post=154825"}],"version-history":[{"count":1,"href":"https:\/\/nvnoticias.mx\/index.php\/wp-json\/wp\/v2\/posts\/154825\/revisions"}],"predecessor-version":[{"id":154827,"href":"https:\/\/nvnoticias.mx\/index.php\/wp-json\/wp\/v2\/posts\/154825\/revisions\/154827"}],"wp:featuredmedia":[{"embeddable":true,"href":"https:\/\/nvnoticias.mx\/index.php\/wp-json\/wp\/v2\/media\/154826"}],"wp:attachment":[{"href":"https:\/\/nvnoticias.mx\/index.php\/wp-json\/wp\/v2\/media?parent=154825"}],"wp:term":[{"taxonomy":"category","embeddable":true,"href":"https:\/\/nvnoticias.mx\/index.php\/wp-json\/wp\/v2\/categories?post=154825"},{"taxonomy":"post_tag","embeddable":true,"href":"https:\/\/nvnoticias.mx\/index.php\/wp-json\/wp\/v2\/tags?post=154825"}],"curies":[{"name":"wp","href":"https:\/\/api.w.org\/{rel}","templated":true}]}}