{"id":154818,"date":"2024-07-18T05:57:00","date_gmt":"2024-07-18T11:57:00","guid":{"rendered":"https:\/\/nvnoticias.mx\/?p=154818"},"modified":"2024-07-17T22:58:15","modified_gmt":"2024-07-18T04:58:15","slug":"antes-de-irse-amlo-nombra-10-magistrados-agrarios","status":"publish","type":"post","link":"https:\/\/nvnoticias.mx\/index.php\/2024\/07\/18\/antes-de-irse-amlo-nombra-10-magistrados-agrarios\/","title":{"rendered":"Antes de irse AMLO nombra 10 magistrados agrarios"},"content":{"rendered":"\n<p>La Comisi\u00f3n Permanente del Congreso de la Uni\u00f3n ratific\u00f3 por unanimidad la propuesta del presidente Andr\u00e9s Manuel L\u00f3pez Obrador para nombrar a 10 nuevos magistrados agrarios, que de inmediato tomaron la protesta de ley ante el pleno legislativo y que estar\u00e1n en sus cargos hasta por 15 a\u00f1os.<\/p>\n\n\n\n<p>A dos meses y medio de que el presidente L\u00f3pez Obrador termine su encargo constitucional, se aprobaron dichos nombramientos para ocupar dichos cargos en el Tribunal Superior Agrario y entre los ratificados hay dos funcionarios de la Consejer\u00eda Jur\u00eddica de la Presidencia de la Rep\u00fablica.<\/p>\n\n\n\n<p>Se trata de Gabriel Ju\u00e1rez Garc\u00eda, licenciado en Derecho por la Universidad Nacional Aut\u00f3noma de M\u00e9xico y quien actualmente se desempe\u00f1a como director general de An\u00e1lisis y Seguimiento Legislativo en la Consejer\u00eda Jur\u00eddica del Ejecutivo Federal.<\/p>\n\n\n\n<p>Asimismo, Elohim Sandoval P\u00e9rez, licenciado en derecho. En el \u00e1mbito profesional actualmente se desempe\u00f1a como director general de Control Constitucional de la Consejer\u00eda Jur\u00eddica del Ejecutivo Federal, fue consultor general Jur\u00eddico de enero 2022 a enero 2024 y apoderado legal de la empresa de telecomunicaciones E-Gam Digital.<\/p>\n\n\n\n<p>Durante la sesi\u00f3n de este mi\u00e9rcoles y sin debate, senadores y diputados federales ratificaron a los 10 nuevos magistrados agrarios, ello a menos de tres meses que inicie el gobierno de Claudia Sheinbaum.<\/p>\n\n\n\n<p>El resto de los nuevos magistrados agrarios son Alejandro Dom\u00ednguez Mu\u00f1oz, Carlos Alberto Dur\u00e1n Rojano, Griselda Mart\u00ednez V\u00e1zquez, Juan Carlos Robles Sierra, Reynalda Merchant Aguilar, Rosa Imelda Leyva Barraza; Eugenio Armenta Ayala y Ra\u00fal Carrasco Vivar.<\/p>\n\n\n\n<p>Fuente: El Universal<br>https:\/\/www.eluniversal.com.mx\/nacion\/antes-de-irse-amlo-nombra-10-magistrados-agrarios-congreso-los-ratifica-por-15-anos\/?outputType=amp<\/p>\n","protected":false},"excerpt":{"rendered":"<p>La Comisi\u00f3n Permanente del Congreso de la Uni\u00f3n ratific\u00f3 por unanimidad la propuesta del presidente Andr\u00e9s Manuel L\u00f3pez Obrador para nombrar a 10 nuevos magistrados agrarios, que de inmediato tomaron la protesta de ley ante el pleno legislativo y que estar\u00e1n en sus cargos hasta por 15 a\u00f1os. A dos meses y medio de que [&hellip;]<\/p>\n","protected":false},"author":35,"featured_media":45417,"comment_status":"open","ping_status":"open","sticky":false,"template":"","format":"standard","meta":{"_monsterinsights_skip_tracking":false,"_monsterinsights_sitenote_active":false,"_monsterinsights_sitenote_note":"","_monsterinsights_sitenote_category":0,"footnotes":""},"categories":[158],"tags":[188,2733,14026],"class_list":["post-154818","post","type-post","status-publish","format-standard","has-post-thumbnail","hentry","category-politica","tag-amlo","tag-magistrados","tag-nombra","wp-image-borders"],"amp_enabled":true,"_links":{"self":[{"href":"https:\/\/nvnoticias.mx\/index.php\/wp-json\/wp\/v2\/posts\/154818","targetHints":{"allow":["GET"]}}],"collection":[{"href":"https:\/\/nvnoticias.mx\/index.php\/wp-json\/wp\/v2\/posts"}],"about":[{"href":"https:\/\/nvnoticias.mx\/index.php\/wp-json\/wp\/v2\/types\/post"}],"author":[{"embeddable":true,"href":"https:\/\/nvnoticias.mx\/index.php\/wp-json\/wp\/v2\/users\/35"}],"replies":[{"embeddable":true,"href":"https:\/\/nvnoticias.mx\/index.php\/wp-json\/wp\/v2\/comments?post=154818"}],"version-history":[{"count":1,"href":"https:\/\/nvnoticias.mx\/index.php\/wp-json\/wp\/v2\/posts\/154818\/revisions"}],"predecessor-version":[{"id":154819,"href":"https:\/\/nvnoticias.mx\/index.php\/wp-json\/wp\/v2\/posts\/154818\/revisions\/154819"}],"wp:featuredmedia":[{"embeddable":true,"href":"https:\/\/nvnoticias.mx\/index.php\/wp-json\/wp\/v2\/media\/45417"}],"wp:attachment":[{"href":"https:\/\/nvnoticias.mx\/index.php\/wp-json\/wp\/v2\/media?parent=154818"}],"wp:term":[{"taxonomy":"category","embeddable":true,"href":"https:\/\/nvnoticias.mx\/index.php\/wp-json\/wp\/v2\/categories?post=154818"},{"taxonomy":"post_tag","embeddable":true,"href":"https:\/\/nvnoticias.mx\/index.php\/wp-json\/wp\/v2\/tags?post=154818"}],"curies":[{"name":"wp","href":"https:\/\/api.w.org\/{rel}","templated":true}]}}