{"id":154813,"date":"2024-07-18T05:46:00","date_gmt":"2024-07-18T11:46:00","guid":{"rendered":"https:\/\/nvnoticias.mx\/?p=154813"},"modified":"2024-07-17T22:47:17","modified_gmt":"2024-07-18T04:47:17","slug":"se-ha-avanzado-mucho-contra-el-fentanilo-canciller-barcena-a-antony-blinken","status":"publish","type":"post","link":"https:\/\/nvnoticias.mx\/index.php\/2024\/07\/18\/se-ha-avanzado-mucho-contra-el-fentanilo-canciller-barcena-a-antony-blinken\/","title":{"rendered":"Se ha avanzado mucho contra el fentanilo: Canciller B\u00e1rcena a Antony Blinken"},"content":{"rendered":"\n<p>Al destacar una \u201crelaci\u00f3n maravillosa\u201d entre M\u00e9xico y Estados Unidos, la canciller Alicia B\u00e1rcena asegur\u00f3 ante el secretario de Estado, Antony Blinken, que se ha avanzado mucho contra el fentanilo.<\/p>\n\n\n\n<p>En su visita a Washington, en el marco de la reuni\u00f3n plenaria ministerial de la Alianza para la Prosperidad Econ\u00f3mica en las Am\u00e9ricas (APEP), la secretaria de Relaciones Exteriores destac\u00f3 que se trabaja \u201cmuy duro\u201d para detener la cadena de valor de los precursores de fentanilo.<\/p>\n\n\n\n<p>\u201cEn lo que respecta al fentanilo que hemos avanzado mucho gracias a la alianza mundial que ha creado, de la que formamos parte, una parte muy integral, estamos trabajando muy duro para detener la cadena de valor de los precursores del fentanilo, y estamos haciendo muchos progresos en M\u00e9xico para evitar e impedir que llegue a Estados Unidos\u201d, dijo B\u00e1rcena.<\/p>\n\n\n\n<p>Refiri\u00f3 que al cierre de su sexenio, el presidente Andr\u00e9s Manuel L\u00f3pez Obrador \u201cest\u00e1 muy firme\u201d en que la relaci\u00f3n con el gobierno de Joe Biden ha sido absolutamente fabulosa y han podido trabajar en temas como migraci\u00f3n, seguridad, tr\u00e1fico de armas y prosperidad econ\u00f3mica \u201cporque creemos que la regi\u00f3n de Am\u00e9rica del Norte es la regi\u00f3n m\u00e1s, yo dir\u00eda, din\u00e1mica del mundo hoy\u201d.<\/p>\n\n\n\n<p>\u201cTenemos una relaci\u00f3n comercial de m\u00e1s de 800 mil millones de d\u00f3lares entre M\u00e9xico y Estados Unidos. Tenemos una frontera que es muy din\u00e1mica. No se trata s\u00f3lo de personas, sino tambi\u00e9n de comercio, bienes y servicios que van y vienen\u201d, destac\u00f3.<\/p>\n\n\n\n<p>Indic\u00f3 que la APEP es importante porque esa es la arista a donde se tiene que ir en t\u00e9rminos de desarrollar sectores que puedan involucrar no s\u00f3lo a M\u00e9xico y Estados Unidos, \u201csino a todo el hemisferio para generar empleos porque al final del d\u00eda la gente en movilidad humana est\u00e1 buscando oportunidades y empleo y queremos que M\u00e9xico sea un buen destino\u201d.<\/p>\n\n\n\n<p>Fuente: El Universal<br>https:\/\/www.eluniversal.com.mx\/nacion\/se-ha-avanzado-mucho-contra-el-fentanilo-dice-canciller-barcena-a-antony-blinken\/?outputType=amp<\/p>\n","protected":false},"excerpt":{"rendered":"<p>Al destacar una \u201crelaci\u00f3n maravillosa\u201d entre M\u00e9xico y Estados Unidos, la canciller Alicia B\u00e1rcena asegur\u00f3 ante el secretario de Estado, Antony Blinken, que se ha avanzado mucho contra el fentanilo. En su visita a Washington, en el marco de la reuni\u00f3n plenaria ministerial de la Alianza para la Prosperidad Econ\u00f3mica en las Am\u00e9ricas (APEP), la [&hellip;]<\/p>\n","protected":false},"author":35,"featured_media":123797,"comment_status":"open","ping_status":"open","sticky":false,"template":"","format":"standard","meta":{"_monsterinsights_skip_tracking":false,"_monsterinsights_sitenote_active":false,"_monsterinsights_sitenote_note":"","_monsterinsights_sitenote_category":0,"footnotes":""},"categories":[157],"tags":[12723,18622,162],"class_list":["post-154813","post","type-post","status-publish","format-standard","has-post-thumbnail","hentry","category-nacional","tag-alicia-barcena","tag-antony-blinken","tag-portada","wp-image-borders"],"amp_enabled":true,"_links":{"self":[{"href":"https:\/\/nvnoticias.mx\/index.php\/wp-json\/wp\/v2\/posts\/154813","targetHints":{"allow":["GET"]}}],"collection":[{"href":"https:\/\/nvnoticias.mx\/index.php\/wp-json\/wp\/v2\/posts"}],"about":[{"href":"https:\/\/nvnoticias.mx\/index.php\/wp-json\/wp\/v2\/types\/post"}],"author":[{"embeddable":true,"href":"https:\/\/nvnoticias.mx\/index.php\/wp-json\/wp\/v2\/users\/35"}],"replies":[{"embeddable":true,"href":"https:\/\/nvnoticias.mx\/index.php\/wp-json\/wp\/v2\/comments?post=154813"}],"version-history":[{"count":1,"href":"https:\/\/nvnoticias.mx\/index.php\/wp-json\/wp\/v2\/posts\/154813\/revisions"}],"predecessor-version":[{"id":154814,"href":"https:\/\/nvnoticias.mx\/index.php\/wp-json\/wp\/v2\/posts\/154813\/revisions\/154814"}],"wp:featuredmedia":[{"embeddable":true,"href":"https:\/\/nvnoticias.mx\/index.php\/wp-json\/wp\/v2\/media\/123797"}],"wp:attachment":[{"href":"https:\/\/nvnoticias.mx\/index.php\/wp-json\/wp\/v2\/media?parent=154813"}],"wp:term":[{"taxonomy":"category","embeddable":true,"href":"https:\/\/nvnoticias.mx\/index.php\/wp-json\/wp\/v2\/categories?post=154813"},{"taxonomy":"post_tag","embeddable":true,"href":"https:\/\/nvnoticias.mx\/index.php\/wp-json\/wp\/v2\/tags?post=154813"}],"curies":[{"name":"wp","href":"https:\/\/api.w.org\/{rel}","templated":true}]}}