{"id":154795,"date":"2024-07-18T05:04:00","date_gmt":"2024-07-18T11:04:00","guid":{"rendered":"https:\/\/nvnoticias.mx\/?p=154795"},"modified":"2024-07-17T22:05:59","modified_gmt":"2024-07-18T04:05:59","slug":"eleccion-de-integrantes-del-pjf-sera-de-personas-y-no-de-partidos-politicos-sheinbaum","status":"publish","type":"post","link":"https:\/\/nvnoticias.mx\/index.php\/2024\/07\/18\/eleccion-de-integrantes-del-pjf-sera-de-personas-y-no-de-partidos-politicos-sheinbaum\/","title":{"rendered":"Elecci\u00f3n de integrantes del PJF ser\u00e1 de personas y no de partidos pol\u00edticos: Sheinbaum"},"content":{"rendered":"\n<p>Luego que jueces y magistrados publicaron una carta abierta contra la reforma al Poder Judicial, la virtual presidenta electa, Claudia Sheinbaum, coment\u00f3 que no van a ser elegidos por un partido pol\u00edtico sino por la ciudadan\u00eda.<\/p>\n\n\n\n<p>Lo anterior, ante la inconformidad de los integrantes del Poder Judicial de que elegir a los impartidores de justicia por el voto popular los pone en la posici\u00f3n de pol\u00edticos y tira la inversi\u00f3n del Estado de los pasados 30 a\u00f1os.<\/p>\n\n\n\n<p>&#8220;\u00bfQu\u00e9 quiere decir pol\u00edtico? Habr\u00eda que preguntarles primero qu\u00e9 quiere decir pol\u00edtico. Si quiere decir partidario, se est\u00e1 equivocando. Es distinto un ser pol\u00edtico a un pol\u00edtico que pertenece a un partido pol\u00edtico que se ha dedicado a la pol\u00edtica (\u2026) No se eligen por partido pol\u00edtico&#8221;, dijo en conferencia de prensa.<\/p>\n\n\n\n<p>&#8220;No van a ser elecciones por partido, van a ser elecciones de personas&#8221;, indic\u00f3.<\/p>\n\n\n\n<p>&#8220;\u00bfQu\u00e9 opinan de la reforma de Zedillo? \u00bfO no opinan porque todos se fueron con su pensi\u00f3n de no s\u00e9 cu\u00e1ntos millones?&#8221;, cuestion\u00f3.<\/p>\n\n\n\n<p>Ante si son buenos jueces y magistrados, los invit\u00f3 a que se inscriban a la elecci\u00f3n popular que propone la reforma al Poder Judicial.<\/p>\n\n\n\n<p>&#8220;Si son muy buenos jueces, si son muy buenos magistrados, que se inscriban en la elecci\u00f3n y que sean electos (pero) \u00bfqu\u00e9 opinan de la reforma que hizo Zedillo?&#8221;, indic\u00f3.<\/p>\n\n\n\n<p>Claudia Sheinbaum consider\u00f3 que la ministra presidenta de la Suprema Corte de Justicia de la Naci\u00f3n (SCJN), Norma Pi\u00f1a Hern\u00e1ndez, debe aclara diversos temas como la liberaci\u00f3n de delincuentes y su su reuni\u00f3n con Alejandro Moreno, el l\u00edder nacional del PRI.<\/p>\n\n\n\n<p>Fuente: El Universal<br>https:\/\/www.eluniversal.com.mx\/nacion\/sheinbaum-eleccion-de-integrantes-del-pjf-sera-de-personas-y-no-de-partidos-politicos\/?outputType=amp<\/p>\n","protected":false},"excerpt":{"rendered":"<p>Luego que jueces y magistrados publicaron una carta abierta contra la reforma al Poder Judicial, la virtual presidenta electa, Claudia Sheinbaum, coment\u00f3 que no van a ser elegidos por un partido pol\u00edtico sino por la ciudadan\u00eda. Lo anterior, ante la inconformidad de los integrantes del Poder Judicial de que elegir a los impartidores de justicia [&hellip;]<\/p>\n","protected":false},"author":35,"featured_media":127871,"comment_status":"open","ping_status":"open","sticky":false,"template":"","format":"standard","meta":{"_monsterinsights_skip_tracking":false,"_monsterinsights_sitenote_active":false,"_monsterinsights_sitenote_note":"","_monsterinsights_sitenote_category":0,"footnotes":""},"categories":[158],"tags":[2801,1913],"class_list":["post-154795","post","type-post","status-publish","format-standard","has-post-thumbnail","hentry","category-politica","tag-claudia-sheinbaum","tag-pjf","wp-image-borders"],"amp_enabled":true,"_links":{"self":[{"href":"https:\/\/nvnoticias.mx\/index.php\/wp-json\/wp\/v2\/posts\/154795","targetHints":{"allow":["GET"]}}],"collection":[{"href":"https:\/\/nvnoticias.mx\/index.php\/wp-json\/wp\/v2\/posts"}],"about":[{"href":"https:\/\/nvnoticias.mx\/index.php\/wp-json\/wp\/v2\/types\/post"}],"author":[{"embeddable":true,"href":"https:\/\/nvnoticias.mx\/index.php\/wp-json\/wp\/v2\/users\/35"}],"replies":[{"embeddable":true,"href":"https:\/\/nvnoticias.mx\/index.php\/wp-json\/wp\/v2\/comments?post=154795"}],"version-history":[{"count":1,"href":"https:\/\/nvnoticias.mx\/index.php\/wp-json\/wp\/v2\/posts\/154795\/revisions"}],"predecessor-version":[{"id":154796,"href":"https:\/\/nvnoticias.mx\/index.php\/wp-json\/wp\/v2\/posts\/154795\/revisions\/154796"}],"wp:featuredmedia":[{"embeddable":true,"href":"https:\/\/nvnoticias.mx\/index.php\/wp-json\/wp\/v2\/media\/127871"}],"wp:attachment":[{"href":"https:\/\/nvnoticias.mx\/index.php\/wp-json\/wp\/v2\/media?parent=154795"}],"wp:term":[{"taxonomy":"category","embeddable":true,"href":"https:\/\/nvnoticias.mx\/index.php\/wp-json\/wp\/v2\/categories?post=154795"},{"taxonomy":"post_tag","embeddable":true,"href":"https:\/\/nvnoticias.mx\/index.php\/wp-json\/wp\/v2\/tags?post=154795"}],"curies":[{"name":"wp","href":"https:\/\/api.w.org\/{rel}","templated":true}]}}