{"id":154746,"date":"2024-07-17T09:50:26","date_gmt":"2024-07-17T15:50:26","guid":{"rendered":"https:\/\/nvnoticias.mx\/?p=154746"},"modified":"2024-07-17T09:50:28","modified_gmt":"2024-07-17T15:50:28","slug":"defiende-luisa-maria-alcalde-que-morena-y-aliados-tengan-mayoria-en-san-lazaro","status":"publish","type":"post","link":"https:\/\/nvnoticias.mx\/index.php\/2024\/07\/17\/defiende-luisa-maria-alcalde-que-morena-y-aliados-tengan-mayoria-en-san-lazaro\/","title":{"rendered":"Defiende Luisa Mar\u00eda Alcalde que Morena y aliados tengan mayor\u00eda en San L\u00e1zaro"},"content":{"rendered":"\n<p>Luisa Mar\u00eda Alcalde Luj\u00e1n, secretaria de Gobernaci\u00f3n (Segob), asegur\u00f3 que la oposici\u00f3n busca aplicar la cl\u00e1usula de sobrerrepresentaci\u00f3n para evitar que Morena y partidos aliados tengan la mayor\u00eda en la C\u00e1mara de Diputados en la pr\u00f3xima legislatura con el objetivo de evitar que se apruebe la reforma al Poder Judicial.<\/p>\n\n\n\n<p>En conferencia de prensa matutina del presidente Andr\u00e9s Manuel L\u00f3pez Obrador, la secretaria defendi\u00f3 que los partidos de la coalici\u00f3n Morena-PT-PVEM sumen 373 diputados y con esto mayor\u00eda calificada, pues afirm\u00f3 que no existe sobrerrepresentaci\u00f3n considerando preceptos constitucionales.<\/p>\n\n\n\n<blockquote class=\"wp-block-quote is-layout-flow wp-block-quote-is-layout-flow\">\n<p>\u201cNo quieren que se obtenga la mayor\u00eda calificada y se tenga la posibilidad de reformar la Constituci\u00f3n y as\u00ed llevar a cabo la reforma al Poder Judicial y con ello que la gente pueda votar por jueces, magistrados y ministros. En el fondo eso es lo que est\u00e1 sucediendo y por eso hoy ya no les gust\u00f3 el criterio que se ha mantenido siempre, ahora dicen que no sea por partido, que sea por coalici\u00f3n\u201d, manifest\u00f3.<\/p>\n<\/blockquote>\n\n\n\n<p>La secretaria llam\u00f3 a que se expresen acad\u00e9micos y constitucionalistas \u201crespecto a qu\u00e9 dice nuestro texto constitucional y c\u00f3mo deber\u00eda ser interpretado ahora que en unas semanas vamos a conocer ya cu\u00e1l ser\u00e1 la distribuci\u00f3n definitiva de la C\u00e1mara de Diputados y de la C\u00e1mara de Senadores\u201d.<\/p>\n\n\n\n<p>En Palacio Nacional, la titular de Gobernaci\u00f3n detall\u00f3 que en 2008 se reform\u00f3 el C\u00f3digo Federal de Instituciones y Procedimientos Electorales (Cofipe) eliminando la regla espec\u00edfica de que las coaliciones se contar\u00edan como partidos pol\u00edticos y empieza esta distribuci\u00f3n de plurinominales tomando en cuenta los partidos pol\u00edticos.<\/p>\n\n\n\n<p>\u201cDe acuerdo a las reglas hoy establecidas en nuestra Constituci\u00f3n, la coalici\u00f3n Morena, PT y Verde Ecologista, obtendr\u00eda 373 diputadas y diputados, es decir, una mayor\u00eda calificada. Y la mayor\u00eda calificada te da la posibilidad de modificar la Constituci\u00f3n, no solamente las leyes\u201d.<\/p>\n\n\n\n<p>Fuente: El Universal<br>https:\/\/www.eluniversal.com.mx\/nacion\/luisa-maria-alcalde-defiende-que-morena-y-aliados-tengan-mayoria-en-san-lazaro-rechaza-sobrerrepresentacion\/?outputType=amp<\/p>\n","protected":false},"excerpt":{"rendered":"<p>Luisa Mar\u00eda Alcalde Luj\u00e1n, secretaria de Gobernaci\u00f3n (Segob), asegur\u00f3 que la oposici\u00f3n busca aplicar la cl\u00e1usula de sobrerrepresentaci\u00f3n para evitar que Morena y partidos aliados tengan la mayor\u00eda en la C\u00e1mara de Diputados en la pr\u00f3xima legislatura con el objetivo de evitar que se apruebe la reforma al Poder Judicial. En conferencia de prensa matutina [&hellip;]<\/p>\n","protected":false},"author":35,"featured_media":110774,"comment_status":"open","ping_status":"open","sticky":false,"template":"","format":"standard","meta":{"_monsterinsights_skip_tracking":false,"_monsterinsights_sitenote_active":false,"_monsterinsights_sitenote_note":"","_monsterinsights_sitenote_category":0,"footnotes":""},"categories":[158],"tags":[25812],"class_list":["post-154746","post","type-post","status-publish","format-standard","has-post-thumbnail","hentry","category-politica","tag-luisa-maria-alcalde","wp-image-borders"],"amp_enabled":true,"_links":{"self":[{"href":"https:\/\/nvnoticias.mx\/index.php\/wp-json\/wp\/v2\/posts\/154746","targetHints":{"allow":["GET"]}}],"collection":[{"href":"https:\/\/nvnoticias.mx\/index.php\/wp-json\/wp\/v2\/posts"}],"about":[{"href":"https:\/\/nvnoticias.mx\/index.php\/wp-json\/wp\/v2\/types\/post"}],"author":[{"embeddable":true,"href":"https:\/\/nvnoticias.mx\/index.php\/wp-json\/wp\/v2\/users\/35"}],"replies":[{"embeddable":true,"href":"https:\/\/nvnoticias.mx\/index.php\/wp-json\/wp\/v2\/comments?post=154746"}],"version-history":[{"count":1,"href":"https:\/\/nvnoticias.mx\/index.php\/wp-json\/wp\/v2\/posts\/154746\/revisions"}],"predecessor-version":[{"id":154747,"href":"https:\/\/nvnoticias.mx\/index.php\/wp-json\/wp\/v2\/posts\/154746\/revisions\/154747"}],"wp:featuredmedia":[{"embeddable":true,"href":"https:\/\/nvnoticias.mx\/index.php\/wp-json\/wp\/v2\/media\/110774"}],"wp:attachment":[{"href":"https:\/\/nvnoticias.mx\/index.php\/wp-json\/wp\/v2\/media?parent=154746"}],"wp:term":[{"taxonomy":"category","embeddable":true,"href":"https:\/\/nvnoticias.mx\/index.php\/wp-json\/wp\/v2\/categories?post=154746"},{"taxonomy":"post_tag","embeddable":true,"href":"https:\/\/nvnoticias.mx\/index.php\/wp-json\/wp\/v2\/tags?post=154746"}],"curies":[{"name":"wp","href":"https:\/\/api.w.org\/{rel}","templated":true}]}}