{"id":154719,"date":"2024-07-17T05:49:00","date_gmt":"2024-07-17T11:49:00","guid":{"rendered":"https:\/\/nvnoticias.mx\/?p=154719"},"modified":"2024-07-17T00:51:00","modified_gmt":"2024-07-17T06:51:00","slug":"trump-va-a-intentar-sacar-provecho-politico-del-atentado-que-sufrio-lula-da-silva","status":"publish","type":"post","link":"https:\/\/nvnoticias.mx\/index.php\/2024\/07\/17\/trump-va-a-intentar-sacar-provecho-politico-del-atentado-que-sufrio-lula-da-silva\/","title":{"rendered":"Trump va a intentar sacar provecho pol\u00edtico del atentado que sufri\u00f3: Lula da Silva"},"content":{"rendered":"\n<p>El presidente brasile\u00f1o,\u00a0<strong>Luiz In\u00e1cio Lula da Silva<\/strong>, tras reafirmar este martes su rechazo a cualquier tipo de\u00a0<strong>violencia pol\u00edtica<\/strong>, asegur\u00f3 que el exmandatario estadounidense y candidato presidencial\u00a0<strong>Donald Trump<\/strong>\u00a0intentar\u00e1 sacarle provecho electoral al\u00a0<strong>atentado<\/strong>\u00a0que sufri\u00f3 el pasado s\u00e1bado.<\/p>\n\n\n\n<blockquote class=\"wp-block-quote is-layout-flow wp-block-quote-is-layout-flow\">\n<p>&#8220;Sinceramente creo que Trump va a intentar sacarle provecho a eso. Aquella foto en la que aparece con el brazo erguido&#8230; si eso hubiese sido encomendado no saldr\u00eda mejor&#8221;, afirm\u00f3 el l\u00edder progresista brasile\u00f1o en una entrevista a la televisi\u00f3n&nbsp;<em>R\u00e9cord.<\/em><\/p>\n<\/blockquote>\n\n\n\n<blockquote class=\"wp-block-quote is-layout-flow wp-block-quote-is-layout-flow\">\n<p>&#8220;Pero de cualquier forma \u00e9l va a explotar eso y le corresponde a los&nbsp;<strong>dem\u00f3cratas<\/strong>&nbsp;encontrar una forma de no permitir que eso le ayude a conseguir m\u00e1s votos&#8221;, agreg\u00f3 el jefe de Estado de Brasil, ideol\u00f3gicamente m\u00e1s pr\u00f3ximo al&nbsp;<strong>Partido Dem\u00f3crata&nbsp;<\/strong>de Estados Unidos que al Republicano.<\/p>\n<\/blockquote>\n\n\n\n<p>Lula asegur\u00f3 que la sociedad por lo general se conmueve con episodios como el\u00a0<strong>ataque armado sufrido por Trump<\/strong>, que qued\u00f3 con una herida en la oreja, en un mitin en Pensilvania el s\u00e1bado, dos d\u00edas antes de que el\u00a0<strong>Partido Republicano<\/strong>\u00a0lo proclamara su candidato a las presidenciales de noviembre pr\u00f3ximo.<\/p>\n\n\n\n<blockquote class=\"wp-block-quote is-layout-flow wp-block-quote-is-layout-flow\">\n<p>&#8220;Es importante recordar que el ser humano es m\u00e1s emoci\u00f3n que raz\u00f3n. Y por eso se emociona y dice &#8216;voy a votar en el pobrecito'&#8221;, agreg\u00f3 Lula sobre la posibilidad de que Trump, al que las encuestas ya se\u00f1alaban favorito para las presidenciales, se&nbsp;<strong>beneficie electoralmente del ataque.<\/strong><\/p>\n<\/blockquote>\n\n\n\n<p>Fuente: El Universal&nbsp;<\/p>\n\n\n\n<figure class=\"wp-block-embed\"><div class=\"wp-block-embed__wrapper\">\nhttps:\/\/www.eluniversal.com.mx\/mundo\/trump-va-a-intentar-sacar-provecho-politico-del-atentado-que-sufrio-lula-da-silva\n<\/div><\/figure>\n","protected":false},"excerpt":{"rendered":"<p>El presidente brasile\u00f1o,\u00a0Luiz In\u00e1cio Lula da Silva, tras reafirmar este martes su rechazo a cualquier tipo de\u00a0violencia pol\u00edtica, asegur\u00f3 que el exmandatario estadounidense y candidato presidencial\u00a0Donald Trump\u00a0intentar\u00e1 sacarle provecho electoral al\u00a0atentado\u00a0que sufri\u00f3 el pasado s\u00e1bado. &#8220;Sinceramente creo que Trump va a intentar sacarle provecho a eso. Aquella foto en la que aparece con el brazo [&hellip;]<\/p>\n","protected":false},"author":35,"featured_media":31190,"comment_status":"open","ping_status":"open","sticky":false,"template":"","format":"standard","meta":{"_monsterinsights_skip_tracking":false,"_monsterinsights_sitenote_active":false,"_monsterinsights_sitenote_note":"","_monsterinsights_sitenote_category":0,"footnotes":""},"categories":[181],"tags":[230,7272],"class_list":["post-154719","post","type-post","status-publish","format-standard","has-post-thumbnail","hentry","category-internacional","tag-donald-trump","tag-lula-da-silva","wp-image-borders"],"amp_enabled":true,"_links":{"self":[{"href":"https:\/\/nvnoticias.mx\/index.php\/wp-json\/wp\/v2\/posts\/154719","targetHints":{"allow":["GET"]}}],"collection":[{"href":"https:\/\/nvnoticias.mx\/index.php\/wp-json\/wp\/v2\/posts"}],"about":[{"href":"https:\/\/nvnoticias.mx\/index.php\/wp-json\/wp\/v2\/types\/post"}],"author":[{"embeddable":true,"href":"https:\/\/nvnoticias.mx\/index.php\/wp-json\/wp\/v2\/users\/35"}],"replies":[{"embeddable":true,"href":"https:\/\/nvnoticias.mx\/index.php\/wp-json\/wp\/v2\/comments?post=154719"}],"version-history":[{"count":1,"href":"https:\/\/nvnoticias.mx\/index.php\/wp-json\/wp\/v2\/posts\/154719\/revisions"}],"predecessor-version":[{"id":154720,"href":"https:\/\/nvnoticias.mx\/index.php\/wp-json\/wp\/v2\/posts\/154719\/revisions\/154720"}],"wp:featuredmedia":[{"embeddable":true,"href":"https:\/\/nvnoticias.mx\/index.php\/wp-json\/wp\/v2\/media\/31190"}],"wp:attachment":[{"href":"https:\/\/nvnoticias.mx\/index.php\/wp-json\/wp\/v2\/media?parent=154719"}],"wp:term":[{"taxonomy":"category","embeddable":true,"href":"https:\/\/nvnoticias.mx\/index.php\/wp-json\/wp\/v2\/categories?post=154719"},{"taxonomy":"post_tag","embeddable":true,"href":"https:\/\/nvnoticias.mx\/index.php\/wp-json\/wp\/v2\/tags?post=154719"}],"curies":[{"name":"wp","href":"https:\/\/api.w.org\/{rel}","templated":true}]}}