{"id":154708,"date":"2024-07-17T05:33:00","date_gmt":"2024-07-17T11:33:00","guid":{"rendered":"https:\/\/nvnoticias.mx\/?p=154708"},"modified":"2024-07-17T00:34:55","modified_gmt":"2024-07-17T06:34:55","slug":"considera-iran-sin-fundamento-las-acusaciones-de-eu-de-planear-asesinato-de-trump","status":"publish","type":"post","link":"https:\/\/nvnoticias.mx\/index.php\/2024\/07\/17\/considera-iran-sin-fundamento-las-acusaciones-de-eu-de-planear-asesinato-de-trump\/","title":{"rendered":"Considera\u00a0Ir\u00e1n &#8220;sin fundamento&#8221; las acusaciones de EU de planear asesinato de Trump"},"content":{"rendered":"\n<p><strong>Ir\u00e1n\u00a0<\/strong>consider\u00f3 este martes &#8220;sin fundamento&#8221; y &#8220;malintencionadas&#8221; las afirmaciones de la\u00a0<strong>inteligencia estadounidense<\/strong>\u00a0de que el pa\u00eds persa ten\u00eda preparado un plan para\u00a0<strong>asesinar aDonald Trump<\/strong>\u00a0semanas antes del atentado fallido que tuvo lugar el pasado s\u00e1bado y sin relaci\u00f3n con \u00e9l.<\/p>\n\n\n\n<p>Una fuente de la Misi\u00f3n de Ir\u00e1n ante la&nbsp;<strong>ONU&nbsp;<\/strong>-\u00fanico canal oficial iran\u00ed en suelo estadounidense, al no existir relaciones diplom\u00e1ticas- descalific\u00f3 esas acusaciones en declaraciones a EFE, aunque subray\u00f3 que &#8220;Trump es un criminal que debe ser perseguido y castigado en un tribunal&#8221;.<\/p>\n\n\n\n<p>El crimen al que se refiere la fuente es el asesinato mediante un dron estadounidense del general iran\u00ed Qasem Soleimani en 2020 (durante la presidencia de Donald Trump) en\u00a0<strong>Bagdad<\/strong>; Soleimani era el comandante de la fuerza Al Quds, cuerpo de \u00e9lite de la<strong>\u00a0Guardia Revolucionaria iran\u00ed\u00a0<\/strong>y como tal uno de los militares de mayor rango de Ir\u00e1n.<\/p>\n\n\n\n<p>&#8220;Ir\u00e1n ha optado por la v\u00eda legal para llevar (a Trump) ante la Justicia&#8221;, concluy\u00f3 la fuente.<\/p>\n\n\n\n<p>Seg\u00fan declar\u00f3 a EFE un alto funcionario de seguridad nacional estadounidense, cuando los servicios secretos detectaron hace semanas el plan iran\u00ed, la&nbsp;<strong>Casa Blanca<\/strong>&nbsp;alert\u00f3 del peligro a\u00f1adido tanto a la campa\u00f1a de Trump como al&nbsp;<strong>Servicio Secreto<\/strong>, que tom\u00f3 medidas adicionales para proteger al expresidente.<\/p>\n\n\n\n<p>La portavoz del Consejo de Seguridad Nacional, Adrienne Watson, dijo a EFE que Ir\u00e1n lleva a\u00f1os amenazando a funcionarios estadounidenses en venganza por el ataque que Trump orden\u00f3 en 2020 y que acab\u00f3 con la vida del&nbsp;<strong>general Qasem Soleimani<\/strong>.<\/p>\n\n\n\n<blockquote class=\"wp-block-quote is-layout-flow wp-block-quote-is-layout-flow\">\n<p>&#8220;Como hemos dicho en numerosas ocasiones, llevamos a\u00f1os siguiendo las amenazas iran\u00edes contra exfuncionarios de la Administraci\u00f3n de Trump. Esas amenazas emanan del deseo de Ir\u00e1n de vengarse por la muerte de Qasem Soleiman\u00ed. Consideramos este asunto de seguridad nacional de la m\u00e1s alta prioridad&#8221;, subray\u00f3 Watson.<\/p>\n<\/blockquote>\n\n\n\n<p><strong>Fuente: El Universal&nbsp;<\/strong><\/p>\n\n\n\n<p><a href=\"https:\/\/www.eluniversal.com.mx\/mundo\/iran-considera-sin-fundamento-las-acusaciones-de-eu-de-planear-asesinato-de-trump\/\"><\/a><\/p>\n\n\n\n<figure class=\"wp-block-embed\"><div class=\"wp-block-embed__wrapper\">\nhttps:\/\/www.eluniversal.com.mx\/mundo\/iran-considera-sin-fundamento-las-acusaciones-de-eu-de-planear-asesinato-de-trump\n<\/div><\/figure>\n","protected":false},"excerpt":{"rendered":"<p>Ir\u00e1n\u00a0consider\u00f3 este martes &#8220;sin fundamento&#8221; y &#8220;malintencionadas&#8221; las afirmaciones de la\u00a0inteligencia estadounidense\u00a0de que el pa\u00eds persa ten\u00eda preparado un plan para\u00a0asesinar aDonald Trump\u00a0semanas antes del atentado fallido que tuvo lugar el pasado s\u00e1bado y sin relaci\u00f3n con \u00e9l. Una fuente de la Misi\u00f3n de Ir\u00e1n ante la&nbsp;ONU&nbsp;-\u00fanico canal oficial iran\u00ed en suelo estadounidense, al no [&hellip;]<\/p>\n","protected":false},"author":35,"featured_media":154429,"comment_status":"open","ping_status":"open","sticky":false,"template":"","format":"standard","meta":{"_monsterinsights_skip_tracking":false,"_monsterinsights_sitenote_active":false,"_monsterinsights_sitenote_note":"","_monsterinsights_sitenote_category":0,"footnotes":""},"categories":[181],"tags":[230,183,5665],"class_list":["post-154708","post","type-post","status-publish","format-standard","has-post-thumbnail","hentry","category-internacional","tag-donald-trump","tag-estados-unidos","tag-iran","wp-image-borders"],"amp_enabled":true,"_links":{"self":[{"href":"https:\/\/nvnoticias.mx\/index.php\/wp-json\/wp\/v2\/posts\/154708","targetHints":{"allow":["GET"]}}],"collection":[{"href":"https:\/\/nvnoticias.mx\/index.php\/wp-json\/wp\/v2\/posts"}],"about":[{"href":"https:\/\/nvnoticias.mx\/index.php\/wp-json\/wp\/v2\/types\/post"}],"author":[{"embeddable":true,"href":"https:\/\/nvnoticias.mx\/index.php\/wp-json\/wp\/v2\/users\/35"}],"replies":[{"embeddable":true,"href":"https:\/\/nvnoticias.mx\/index.php\/wp-json\/wp\/v2\/comments?post=154708"}],"version-history":[{"count":1,"href":"https:\/\/nvnoticias.mx\/index.php\/wp-json\/wp\/v2\/posts\/154708\/revisions"}],"predecessor-version":[{"id":154709,"href":"https:\/\/nvnoticias.mx\/index.php\/wp-json\/wp\/v2\/posts\/154708\/revisions\/154709"}],"wp:featuredmedia":[{"embeddable":true,"href":"https:\/\/nvnoticias.mx\/index.php\/wp-json\/wp\/v2\/media\/154429"}],"wp:attachment":[{"href":"https:\/\/nvnoticias.mx\/index.php\/wp-json\/wp\/v2\/media?parent=154708"}],"wp:term":[{"taxonomy":"category","embeddable":true,"href":"https:\/\/nvnoticias.mx\/index.php\/wp-json\/wp\/v2\/categories?post=154708"},{"taxonomy":"post_tag","embeddable":true,"href":"https:\/\/nvnoticias.mx\/index.php\/wp-json\/wp\/v2\/tags?post=154708"}],"curies":[{"name":"wp","href":"https:\/\/api.w.org\/{rel}","templated":true}]}}