{"id":154690,"date":"2024-07-17T05:09:00","date_gmt":"2024-07-17T11:09:00","guid":{"rendered":"https:\/\/nvnoticias.mx\/?p=154690"},"modified":"2024-07-17T00:10:56","modified_gmt":"2024-07-17T06:10:56","slug":"asegura-sheinbaum-que-gobernara-para-las-mujeres","status":"publish","type":"post","link":"https:\/\/nvnoticias.mx\/index.php\/2024\/07\/17\/asegura-sheinbaum-que-gobernara-para-las-mujeres\/","title":{"rendered":"Asegura Sheinbaum que gobernar\u00e1 para las mujeres"},"content":{"rendered":"\n<p>Al asegurar que nunca m\u00e1s habr\u00e1 un \u201ccalladita te ves m\u00e1s bonita\u201d ni machismo, racismo ni clasismo, la virtual presidenta electa, Claudia Sheinbaum dijo que en su administraci\u00f3n gobernar\u00e1 con ojos de mujer y para las mujeres, para que puedan sentirse representadas.<\/p>\n\n\n\n<p>Arropada por mujeres de 60 a 64 a\u00f1os de edad, Claudia Sheinbaum se\u00f1al\u00f3 que en su administraci\u00f3n este grupo de edad tendr\u00e1 un apoyo econ\u00f3mico\u20143 mil pesos bimestrales\u2014pues ser\u00e1 la primera vez que se va a reconocer el trabajo de las mujeres mexicanas en el hogar, y nombr\u00f3 al programa como: &#8220;Las mujeres de 60 a 64, cuidadores de la historia de M\u00e9xico&#8221;.<\/p>\n\n\n\n<blockquote class=\"wp-block-quote is-layout-flow wp-block-quote-is-layout-flow\">\n<p>&#8220;(&#8230;) este reconocimiento de 60 a 64 tiene un s\u00edmbolo enorme, quiere decir que por primera vez y porque lleg\u00f3 una mujer presidenta vamos a reconocer el trabajo de las mujeres mexicanas en el hogar&#8221;, destac\u00f3.<\/p>\n<\/blockquote>\n\n\n\n<p>Agreg\u00f3: &#8220;(&#8230;) nosotros tambi\u00e9n tenemos derecho al tiempo libre, tenemos derecho a poder tener recursos econ\u00f3micos para nosotras, ahora van a tener por lo menos las mujeres de 60 a 64 previo a la pensi\u00f3n de adulto mayor un apoyo para ellas para ustedes que les d\u00e9 algo de autonom\u00eda, reconocimiento, que lo puedan ocupar en lo que ustedes deseen&#8221;.<\/p>\n\n\n\n<p>Fuente: El Universal&nbsp;<\/p>\n\n\n\n<figure class=\"wp-block-embed\"><div class=\"wp-block-embed__wrapper\">\nhttps:\/\/www.eluniversal.com.mx\/nacion\/nunca-mas-una-calladita-te-ves-mas-bonita-claudia-sheinbaum-asegura-que-gobernara-para-las-mujeres\/?outputType=amp\n<\/div><\/figure>\n","protected":false},"excerpt":{"rendered":"<p>Al asegurar que nunca m\u00e1s habr\u00e1 un \u201ccalladita te ves m\u00e1s bonita\u201d ni machismo, racismo ni clasismo, la virtual presidenta electa, Claudia Sheinbaum dijo que en su administraci\u00f3n gobernar\u00e1 con ojos de mujer y para las mujeres, para que puedan sentirse representadas. Arropada por mujeres de 60 a 64 a\u00f1os de edad, Claudia Sheinbaum se\u00f1al\u00f3 [&hellip;]<\/p>\n","protected":false},"author":35,"featured_media":129944,"comment_status":"open","ping_status":"open","sticky":false,"template":"","format":"standard","meta":{"_monsterinsights_skip_tracking":false,"_monsterinsights_sitenote_active":false,"_monsterinsights_sitenote_note":"","_monsterinsights_sitenote_category":0,"footnotes":""},"categories":[158],"tags":[2801,162],"class_list":["post-154690","post","type-post","status-publish","format-standard","has-post-thumbnail","hentry","category-politica","tag-claudia-sheinbaum","tag-portada","wp-image-borders"],"amp_enabled":true,"_links":{"self":[{"href":"https:\/\/nvnoticias.mx\/index.php\/wp-json\/wp\/v2\/posts\/154690","targetHints":{"allow":["GET"]}}],"collection":[{"href":"https:\/\/nvnoticias.mx\/index.php\/wp-json\/wp\/v2\/posts"}],"about":[{"href":"https:\/\/nvnoticias.mx\/index.php\/wp-json\/wp\/v2\/types\/post"}],"author":[{"embeddable":true,"href":"https:\/\/nvnoticias.mx\/index.php\/wp-json\/wp\/v2\/users\/35"}],"replies":[{"embeddable":true,"href":"https:\/\/nvnoticias.mx\/index.php\/wp-json\/wp\/v2\/comments?post=154690"}],"version-history":[{"count":1,"href":"https:\/\/nvnoticias.mx\/index.php\/wp-json\/wp\/v2\/posts\/154690\/revisions"}],"predecessor-version":[{"id":154691,"href":"https:\/\/nvnoticias.mx\/index.php\/wp-json\/wp\/v2\/posts\/154690\/revisions\/154691"}],"wp:featuredmedia":[{"embeddable":true,"href":"https:\/\/nvnoticias.mx\/index.php\/wp-json\/wp\/v2\/media\/129944"}],"wp:attachment":[{"href":"https:\/\/nvnoticias.mx\/index.php\/wp-json\/wp\/v2\/media?parent=154690"}],"wp:term":[{"taxonomy":"category","embeddable":true,"href":"https:\/\/nvnoticias.mx\/index.php\/wp-json\/wp\/v2\/categories?post=154690"},{"taxonomy":"post_tag","embeddable":true,"href":"https:\/\/nvnoticias.mx\/index.php\/wp-json\/wp\/v2\/tags?post=154690"}],"curies":[{"name":"wp","href":"https:\/\/api.w.org\/{rel}","templated":true}]}}