{"id":154652,"date":"2024-07-16T12:16:05","date_gmt":"2024-07-16T18:16:05","guid":{"rendered":"https:\/\/nvnoticias.mx\/?p=154652"},"modified":"2024-07-16T12:16:07","modified_gmt":"2024-07-16T18:16:07","slug":"descarta-gobernador-incremento-sustancial-en-casos-de-covid-19","status":"publish","type":"post","link":"https:\/\/nvnoticias.mx\/index.php\/2024\/07\/16\/descarta-gobernador-incremento-sustancial-en-casos-de-covid-19\/","title":{"rendered":"Descarta gobernador incremento sustancial en casos de covid-19"},"content":{"rendered":"\n<p><\/p>\n\n\n\n<p><strong>Sam Ojeda\u00a0\/ NV Noticias<\/strong><\/p>\n\n\n\n<p>Xalapa.- El gobernador Cuitl\u00e1huac Garc\u00eda Jim\u00e9nez neg\u00f3 que haya un repunte importante en casos de covid-19 como ha circulado en algunos medios de comunicaci\u00f3n.&nbsp;<\/p>\n\n\n\n<p>El gobernador dijo que les \u201cpreocupa m\u00e1s los casos de dengue que los de covid-19\u201d.<\/p>\n\n\n\n<blockquote class=\"wp-block-quote is-layout-flow wp-block-quote-is-layout-flow\">\n<p>\u201c<em>En el estado no tenemos un aumento sustancial, pero miren y ahorita lo del covid no es sustancial, pero lo que s\u00ed es importante es lo que podemos hacer ahorita contra el dengue<\/em>\u201d.<\/p>\n<\/blockquote>\n\n\n\n<p>Lo anterior luego de que en el Hospital de Alta Especialidad del ISSSTE en el puerto de Veracruz se reforzaron las medidas contra el aumento de casos de covid-19 entre su personal.&nbsp;<\/p>\n\n\n\n<p>Sin embargo, el gobernador insisti\u00f3 en que los casos registrados de covid-19 en la entidad veracruzano no son significativos como \u201cpara elevar una alerta\u201d.&nbsp;<\/p>\n\n\n\n<blockquote class=\"wp-block-quote is-layout-flow wp-block-quote-is-layout-flow\">\n<p>\u201c<em>Como para elevar una alerta pues no, la verdad es que estamos m\u00e1s preocupados por el dengue<\/em>\u201d, agreg\u00f3.\u00a0<\/p>\n<\/blockquote>\n","protected":false},"excerpt":{"rendered":"<p>Sam Ojeda\u00a0\/ NV Noticias Xalapa.- El gobernador Cuitl\u00e1huac Garc\u00eda Jim\u00e9nez neg\u00f3 que haya un repunte importante en casos de covid-19 como ha circulado en algunos medios de comunicaci\u00f3n.&nbsp; El gobernador dijo que les \u201cpreocupa m\u00e1s los casos de dengue que los de covid-19\u201d. \u201cEn el estado no tenemos un aumento sustancial, pero miren y ahorita [&hellip;]<\/p>\n","protected":false},"author":8,"featured_media":89489,"comment_status":"open","ping_status":"open","sticky":false,"template":"","format":"standard","meta":{"_monsterinsights_skip_tracking":false,"_monsterinsights_sitenote_active":false,"_monsterinsights_sitenote_note":"","_monsterinsights_sitenote_category":0,"footnotes":""},"categories":[156],"tags":[2317,175,3378,162],"class_list":["post-154652","post","type-post","status-publish","format-standard","has-post-thumbnail","hentry","category-estado","tag-casos","tag-covid-19","tag-incremento","tag-portada","wp-image-borders"],"amp_enabled":true,"_links":{"self":[{"href":"https:\/\/nvnoticias.mx\/index.php\/wp-json\/wp\/v2\/posts\/154652","targetHints":{"allow":["GET"]}}],"collection":[{"href":"https:\/\/nvnoticias.mx\/index.php\/wp-json\/wp\/v2\/posts"}],"about":[{"href":"https:\/\/nvnoticias.mx\/index.php\/wp-json\/wp\/v2\/types\/post"}],"author":[{"embeddable":true,"href":"https:\/\/nvnoticias.mx\/index.php\/wp-json\/wp\/v2\/users\/8"}],"replies":[{"embeddable":true,"href":"https:\/\/nvnoticias.mx\/index.php\/wp-json\/wp\/v2\/comments?post=154652"}],"version-history":[{"count":1,"href":"https:\/\/nvnoticias.mx\/index.php\/wp-json\/wp\/v2\/posts\/154652\/revisions"}],"predecessor-version":[{"id":154653,"href":"https:\/\/nvnoticias.mx\/index.php\/wp-json\/wp\/v2\/posts\/154652\/revisions\/154653"}],"wp:featuredmedia":[{"embeddable":true,"href":"https:\/\/nvnoticias.mx\/index.php\/wp-json\/wp\/v2\/media\/89489"}],"wp:attachment":[{"href":"https:\/\/nvnoticias.mx\/index.php\/wp-json\/wp\/v2\/media?parent=154652"}],"wp:term":[{"taxonomy":"category","embeddable":true,"href":"https:\/\/nvnoticias.mx\/index.php\/wp-json\/wp\/v2\/categories?post=154652"},{"taxonomy":"post_tag","embeddable":true,"href":"https:\/\/nvnoticias.mx\/index.php\/wp-json\/wp\/v2\/tags?post=154652"}],"curies":[{"name":"wp","href":"https:\/\/api.w.org\/{rel}","templated":true}]}}