{"id":154553,"date":"2024-07-15T13:03:14","date_gmt":"2024-07-15T19:03:14","guid":{"rendered":"https:\/\/nvnoticias.mx\/?p=154553"},"modified":"2024-07-15T13:03:16","modified_gmt":"2024-07-15T19:03:16","slug":"amlo-y-sheinbaum-fueron-los-primeros-en-reaccionar-a-atentado-contra-trump-canciller-barcena","status":"publish","type":"post","link":"https:\/\/nvnoticias.mx\/index.php\/2024\/07\/15\/amlo-y-sheinbaum-fueron-los-primeros-en-reaccionar-a-atentado-contra-trump-canciller-barcena\/","title":{"rendered":"AMLO y Sheinbaum fueron los primeros en reaccionar a atentado contra Trump: Canciller B\u00e1rcena"},"content":{"rendered":"\n<p>Tras el atentado que sufri\u00f3 el s\u00e1bado el exmandatario estadounidense Donald Trump, la canciller Alicia B\u00e1rcena asegur\u00f3 que el presidente Andr\u00e9s Manuel L\u00f3pez Obrador y la virtual presidenta electa, Claudia Sheinbaum, fueron los primeros en reaccionar.<\/p>\n\n\n\n<p>En el marco de la inauguraci\u00f3n de la Cuarta Reuni\u00f3n de la Red de Cooperaci\u00f3n para el Desarrollo de MIKTA este lunes 16 de julio, la titular de la Secretar\u00eda de Relaciones Exteriores (SRE) indic\u00f3 que, a lo que expres\u00f3 L\u00f3pez Obrador, ella tambi\u00e9n se pronunci\u00f3 a lo ocurrido contra Trump.<\/p>\n\n\n\n<p>\u201cFue el primero en reaccionar frente a este grav\u00edsimo incidente y la virtual presidenta electa, Claudia Sheinbaum, estaban juntos.<\/p>\n\n\n\n<p>\u201cY creo que fue muy claro el tema, de que no queremos violencia en las elecciones. Yo creo que ese es un tema de fondo, las elecciones se resuelven en las urnas, esto incluso lo dijo el presidente Biden, \u2018no con balas, sino con votos\u2019\u201d, dijo la pr\u00f3xima secretaria del Medio Ambiente con Sheinbaum.<\/p>\n\n\n\n<p>En su conferencia ma\u00f1anera de este lunes, el presidente L\u00f3pez Obrador conden\u00f3 el hecho y asegur\u00f3 que \u00e9l fue el primero en manifestarse por el atentado contra Donald Trump.<\/p>\n\n\n\n<p>\u201cSea como sea reprobamos lo sucedido al expresidente Donald Trump. La violencia es irracional e inhumana\u201d, escribi\u00f3 en redes L\u00f3pez Obrador el d\u00eda del atentado.<\/p>\n\n\n\n<p>Fuente: El Universal<br>https:\/\/www.eluniversal.com.mx\/nacion\/amlo-y-sheinbaum-fueron-los-primeros-en-reaccionar-a-atentado-contra-trump-dice-canciller-barcena\/?outputType=amp<\/p>\n","protected":false},"excerpt":{"rendered":"<p>Tras el atentado que sufri\u00f3 el s\u00e1bado el exmandatario estadounidense Donald Trump, la canciller Alicia B\u00e1rcena asegur\u00f3 que el presidente Andr\u00e9s Manuel L\u00f3pez Obrador y la virtual presidenta electa, Claudia Sheinbaum, fueron los primeros en reaccionar. En el marco de la inauguraci\u00f3n de la Cuarta Reuni\u00f3n de la Red de Cooperaci\u00f3n para el Desarrollo de [&hellip;]<\/p>\n","protected":false},"author":35,"featured_media":154554,"comment_status":"open","ping_status":"open","sticky":false,"template":"","format":"standard","meta":{"_monsterinsights_skip_tracking":false,"_monsterinsights_sitenote_active":false,"_monsterinsights_sitenote_note":"","_monsterinsights_sitenote_category":0,"footnotes":""},"categories":[158],"tags":[12723,188,2801,230,162],"class_list":["post-154553","post","type-post","status-publish","format-standard","has-post-thumbnail","hentry","category-politica","tag-alicia-barcena","tag-amlo","tag-claudia-sheinbaum","tag-donald-trump","tag-portada","wp-image-borders"],"amp_enabled":true,"_links":{"self":[{"href":"https:\/\/nvnoticias.mx\/index.php\/wp-json\/wp\/v2\/posts\/154553","targetHints":{"allow":["GET"]}}],"collection":[{"href":"https:\/\/nvnoticias.mx\/index.php\/wp-json\/wp\/v2\/posts"}],"about":[{"href":"https:\/\/nvnoticias.mx\/index.php\/wp-json\/wp\/v2\/types\/post"}],"author":[{"embeddable":true,"href":"https:\/\/nvnoticias.mx\/index.php\/wp-json\/wp\/v2\/users\/35"}],"replies":[{"embeddable":true,"href":"https:\/\/nvnoticias.mx\/index.php\/wp-json\/wp\/v2\/comments?post=154553"}],"version-history":[{"count":1,"href":"https:\/\/nvnoticias.mx\/index.php\/wp-json\/wp\/v2\/posts\/154553\/revisions"}],"predecessor-version":[{"id":154555,"href":"https:\/\/nvnoticias.mx\/index.php\/wp-json\/wp\/v2\/posts\/154553\/revisions\/154555"}],"wp:featuredmedia":[{"embeddable":true,"href":"https:\/\/nvnoticias.mx\/index.php\/wp-json\/wp\/v2\/media\/154554"}],"wp:attachment":[{"href":"https:\/\/nvnoticias.mx\/index.php\/wp-json\/wp\/v2\/media?parent=154553"}],"wp:term":[{"taxonomy":"category","embeddable":true,"href":"https:\/\/nvnoticias.mx\/index.php\/wp-json\/wp\/v2\/categories?post=154553"},{"taxonomy":"post_tag","embeddable":true,"href":"https:\/\/nvnoticias.mx\/index.php\/wp-json\/wp\/v2\/tags?post=154553"}],"curies":[{"name":"wp","href":"https:\/\/api.w.org\/{rel}","templated":true}]}}