{"id":154521,"date":"2024-07-15T06:18:00","date_gmt":"2024-07-15T12:18:00","guid":{"rendered":"https:\/\/nvnoticias.mx\/?p=154521"},"modified":"2024-07-15T00:19:04","modified_gmt":"2024-07-15T06:19:04","slug":"buscara-samuel-garcia-inversion-para-nuevo-leon-en-foro-politico-de-la-onu","status":"publish","type":"post","link":"https:\/\/nvnoticias.mx\/index.php\/2024\/07\/15\/buscara-samuel-garcia-inversion-para-nuevo-leon-en-foro-politico-de-la-onu\/","title":{"rendered":"Buscar\u00e1 Samuel Garc\u00eda inversi\u00f3n para Nuevo Le\u00f3n en foro pol\u00edtico de la ONU"},"content":{"rendered":"\n<p>El Gobernador de Nuevo Le\u00f3n, Samuel Alejandro Garc\u00eda Sep\u00falveda, presentar\u00e1 el plan estatal del cambio clim\u00e1tico durante su participaci\u00f3n en el foro pol\u00edtico de alto nivel 2024 de la ONU, el cual se realiza en Nueva York.<\/p>\n\n\n\n<p>Su gira por Nueva York durar\u00e1 dos d\u00edas aproximadamente, por lo que buscar\u00e1 que empresas y bancos inviertan en el estado. El gobernador pretende regresar al estado de Monterrey el d\u00eda martes en la tarde despu\u00e9s de sus actividades programadas.<\/p>\n\n\n\n<blockquote class=\"wp-block-quote is-layout-flow wp-block-quote-is-layout-flow\">\n<p>\u201cMa\u00f1ana vamos a presentar el Plan Estatal contra el Cambio Clim\u00e1tico y el martes el Plan Maestro del Agua, ma\u00f1ana la Delegaci\u00f3n Mexicana, representada por Raquel Buenrostro, secretaria de Econom\u00eda, vamos a hablar de c\u00f3mo va M\u00e9xico con la Agenda 2030. Los estados tenemos participaciones, obviamente yo levant\u00e9 la mano\u201d, mencion\u00f3 Garc\u00eda Sep\u00falveda.<\/p>\n<\/blockquote>\n\n\n\n<p>Durante su gira el gobernador de Nuevo Le\u00f3n estatal participar\u00e1 en la Presentaci\u00f3n de Informes Locales y Sectoriales Voluntarios sobre el progreso de la Agenda 2030 en M\u00e9xico y estatal participar\u00e1 en la Presentaci\u00f3n de Informes Locales y Sectoriales Voluntarios sobre el progreso de la Agenda 2030 en M\u00e9xico.<\/p>\n\n\n\n<p>As\u00ed como presentar\u00e1 la estrategia de Hambre Cero en el panel \u201cUna agenda social global, renovada para acabar con el hambre, la pobreza y fomentar la inclusi\u00f3n social: Nuevos Servicios p\u00fablicos locales esenciales para no dejar a nadie atr\u00e1s\u201d.<\/p>\n\n\n\n<p>Garc\u00eda Sep\u00falveda enfatiz\u00f3 el tema de la sequ\u00eda en los \u00faltimos a\u00f1os en el sur de EUA y norte de M\u00e9xico y habl\u00f3 sobre como en Nuevo Le\u00f3n la temperatura ha incrementado 2 grados Celsius, mientras que la lluvia ha disminuido 30%.<\/p>\n\n\n\n<p>Fuente: El Universal<br>https:\/\/www.eluniversal.com.mx\/estados\/samuel-garcia-buscara-inversion-para-nuevo-leon-en-foro-politico-de-la-onu\/<\/p>\n","protected":false},"excerpt":{"rendered":"<p>El Gobernador de Nuevo Le\u00f3n, Samuel Alejandro Garc\u00eda Sep\u00falveda, presentar\u00e1 el plan estatal del cambio clim\u00e1tico durante su participaci\u00f3n en el foro pol\u00edtico de alto nivel 2024 de la ONU, el cual se realiza en Nueva York. Su gira por Nueva York durar\u00e1 dos d\u00edas aproximadamente, por lo que buscar\u00e1 que empresas y bancos inviertan [&hellip;]<\/p>\n","protected":false},"author":35,"featured_media":85351,"comment_status":"open","ping_status":"open","sticky":false,"template":"","format":"standard","meta":{"_monsterinsights_skip_tracking":false,"_monsterinsights_sitenote_active":false,"_monsterinsights_sitenote_note":"","_monsterinsights_sitenote_category":0,"footnotes":""},"categories":[158],"tags":[1095,3702],"class_list":["post-154521","post","type-post","status-publish","format-standard","has-post-thumbnail","hentry","category-politica","tag-nuevo-leon","tag-samuel-garcia","wp-image-borders"],"amp_enabled":true,"_links":{"self":[{"href":"https:\/\/nvnoticias.mx\/index.php\/wp-json\/wp\/v2\/posts\/154521","targetHints":{"allow":["GET"]}}],"collection":[{"href":"https:\/\/nvnoticias.mx\/index.php\/wp-json\/wp\/v2\/posts"}],"about":[{"href":"https:\/\/nvnoticias.mx\/index.php\/wp-json\/wp\/v2\/types\/post"}],"author":[{"embeddable":true,"href":"https:\/\/nvnoticias.mx\/index.php\/wp-json\/wp\/v2\/users\/35"}],"replies":[{"embeddable":true,"href":"https:\/\/nvnoticias.mx\/index.php\/wp-json\/wp\/v2\/comments?post=154521"}],"version-history":[{"count":1,"href":"https:\/\/nvnoticias.mx\/index.php\/wp-json\/wp\/v2\/posts\/154521\/revisions"}],"predecessor-version":[{"id":154522,"href":"https:\/\/nvnoticias.mx\/index.php\/wp-json\/wp\/v2\/posts\/154521\/revisions\/154522"}],"wp:featuredmedia":[{"embeddable":true,"href":"https:\/\/nvnoticias.mx\/index.php\/wp-json\/wp\/v2\/media\/85351"}],"wp:attachment":[{"href":"https:\/\/nvnoticias.mx\/index.php\/wp-json\/wp\/v2\/media?parent=154521"}],"wp:term":[{"taxonomy":"category","embeddable":true,"href":"https:\/\/nvnoticias.mx\/index.php\/wp-json\/wp\/v2\/categories?post=154521"},{"taxonomy":"post_tag","embeddable":true,"href":"https:\/\/nvnoticias.mx\/index.php\/wp-json\/wp\/v2\/tags?post=154521"}],"curies":[{"name":"wp","href":"https:\/\/api.w.org\/{rel}","templated":true}]}}