{"id":154510,"date":"2024-07-15T06:56:00","date_gmt":"2024-07-15T12:56:00","guid":{"rendered":"https:\/\/nvnoticias.mx\/?p=154510"},"modified":"2024-07-14T23:58:03","modified_gmt":"2024-07-15T05:58:03","slug":"mueren-mexicanos-tras-accidente-de-avioneta-ligada-al-trafico-de-drogas-en-venezuela","status":"publish","type":"post","link":"https:\/\/nvnoticias.mx\/index.php\/2024\/07\/15\/mueren-mexicanos-tras-accidente-de-avioneta-ligada-al-trafico-de-drogas-en-venezuela\/","title":{"rendered":"Mueren mexicanos tras accidente de avioneta ligada al tr\u00e1fico de drogas en Venezuela"},"content":{"rendered":"\n<p>Dos personas de nacionalidad mexicana fallecieron en Venezuela, en un accidente de avioneta que, seg\u00fan inform\u00f3 el gobierno el domingo 14 de julio, era utilizada para el tr\u00e1fico de drogas y cay\u00f3 en el estado Portuguesa.<\/p>\n\n\n\n<p>La cartera de Interior y Justicia indic\u00f3 en X que, unas comisiones de la Fuerza Armada Nacional Bolivariana (FANB) y de los cuerpos de seguridad ciudadana localizaron esta &#8220;aeronave siniestrada, utilizada para el tr\u00e1fico il\u00edcito de drogas&#8221;.<\/p>\n\n\n\n<blockquote class=\"wp-block-quote is-layout-flow wp-block-quote-is-layout-flow\">\n<p>&#8220;En el siniestro se ubicaron dos v\u00edctimas fatales. Los \u00f3rganos pertinentes mantienen las investigaciones del caso&#8221;, agreg\u00f3 el ministerio, que comparti\u00f3 algunas fotograf\u00edas de la avioneta.<\/p>\n\n\n\n<p><br>Por otra parte, el ministro de Interior y Justicia, Remigio Ceballos, detall\u00f3 \u2014en la misma red social\u2014 que, la aeronave operaba &#8220;clandestinamente para el tr\u00e1fico internacional de sustancias estupefacientes y psicotr\u00f3picas&#8221;.<\/p>\n<\/blockquote>\n\n\n\n<p>El funcionario no ofreci\u00f3 m\u00e1s detalles sobre las v\u00edctimas, por lo que se desconoce el sexo o edad de ambas.<\/p>\n\n\n\n<p>Los cuerpos de seguridad del pa\u00eds dan a conocer, con cierta regularidad, casos de avionetas interceptadas e inutilizadas por sus vinculaciones con el narcotr\u00e1fico, sin detalles sobre el destino de los tripulantes.<\/p>\n\n\n\n<p>Fuente: Milenio<br>https:\/\/www.milenio.com\/internacional\/accidente-de-avioneta-para-narco-deja-mexicanos-muertos-venezuela<\/p>\n","protected":false},"excerpt":{"rendered":"<p>Dos personas de nacionalidad mexicana fallecieron en Venezuela, en un accidente de avioneta que, seg\u00fan inform\u00f3 el gobierno el domingo 14 de julio, era utilizada para el tr\u00e1fico de drogas y cay\u00f3 en el estado Portuguesa. La cartera de Interior y Justicia indic\u00f3 en X que, unas comisiones de la Fuerza Armada Nacional Bolivariana (FANB) [&hellip;]<\/p>\n","protected":false},"author":35,"featured_media":154511,"comment_status":"open","ping_status":"open","sticky":false,"template":"","format":"standard","meta":{"_monsterinsights_skip_tracking":false,"_monsterinsights_sitenote_active":false,"_monsterinsights_sitenote_note":"","_monsterinsights_sitenote_category":0,"footnotes":""},"categories":[157],"tags":[1550,6320,257,9706],"class_list":["post-154510","post","type-post","status-publish","format-standard","has-post-thumbnail","hentry","category-nacional","tag-accidente","tag-avioneta","tag-mexicanos","tag-mueren","wp-image-borders"],"amp_enabled":true,"_links":{"self":[{"href":"https:\/\/nvnoticias.mx\/index.php\/wp-json\/wp\/v2\/posts\/154510","targetHints":{"allow":["GET"]}}],"collection":[{"href":"https:\/\/nvnoticias.mx\/index.php\/wp-json\/wp\/v2\/posts"}],"about":[{"href":"https:\/\/nvnoticias.mx\/index.php\/wp-json\/wp\/v2\/types\/post"}],"author":[{"embeddable":true,"href":"https:\/\/nvnoticias.mx\/index.php\/wp-json\/wp\/v2\/users\/35"}],"replies":[{"embeddable":true,"href":"https:\/\/nvnoticias.mx\/index.php\/wp-json\/wp\/v2\/comments?post=154510"}],"version-history":[{"count":1,"href":"https:\/\/nvnoticias.mx\/index.php\/wp-json\/wp\/v2\/posts\/154510\/revisions"}],"predecessor-version":[{"id":154512,"href":"https:\/\/nvnoticias.mx\/index.php\/wp-json\/wp\/v2\/posts\/154510\/revisions\/154512"}],"wp:featuredmedia":[{"embeddable":true,"href":"https:\/\/nvnoticias.mx\/index.php\/wp-json\/wp\/v2\/media\/154511"}],"wp:attachment":[{"href":"https:\/\/nvnoticias.mx\/index.php\/wp-json\/wp\/v2\/media?parent=154510"}],"wp:term":[{"taxonomy":"category","embeddable":true,"href":"https:\/\/nvnoticias.mx\/index.php\/wp-json\/wp\/v2\/categories?post=154510"},{"taxonomy":"post_tag","embeddable":true,"href":"https:\/\/nvnoticias.mx\/index.php\/wp-json\/wp\/v2\/tags?post=154510"}],"curies":[{"name":"wp","href":"https:\/\/api.w.org\/{rel}","templated":true}]}}