{"id":154506,"date":"2024-07-15T06:47:00","date_gmt":"2024-07-15T12:47:00","guid":{"rendered":"https:\/\/nvnoticias.mx\/?p=154506"},"modified":"2024-07-15T08:56:20","modified_gmt":"2024-07-15T14:56:20","slug":"eligiran-las-urnas-no-las-balas-al-lider-de-la-casa-blanca-biden","status":"publish","type":"post","link":"https:\/\/nvnoticias.mx\/index.php\/2024\/07\/15\/eligiran-las-urnas-no-las-balas-al-lider-de-la-casa-blanca-biden\/","title":{"rendered":"Eligir\u00e1n las urnas, no las balas, al lider de la Casa Blanca: Biden"},"content":{"rendered":"\n<p>Un d\u00eda despu\u00e9s del atentado contra el aspirante republicano Donald Trump, el presidente de Estados Unidos, Joe Biden, se sum\u00f3 al llamado de unidad nacional para condenar toda&nbsp;forma&nbsp;de violencia pol\u00edtica y pidi\u00f3&nbsp;a los ciudadanos a dirimir sus diferencias ideol\u00f3gicas de manera pac\u00edfica.<\/p>\n\n\n\n<blockquote class=\"wp-block-quote is-layout-flow wp-block-quote-is-layout-flow\">\n<p>\u201cNo existe espacio para este tipo de violencia; debatimos y discrepamos, comparamos y contrastamos el car\u00e1cter de los candidatos, su r\u00e9cord en asuntos de la agenda y\u00a0visi\u00f3n de pa\u00eds, pero resolvemos nuestras diferencias en las urnas; as\u00ed lo hacemos: en las urnas, no con balas\u201d, dijo en un mensaje a la naci\u00f3n desde la Casa Blanca.<\/p>\n<\/blockquote>\n\n\n\n<p><br>El dem\u00f3crata, quien habl\u00f3 brevemente por tel\u00e9fono con Trump, anunci\u00f3 una investigaci\u00f3n exhaustiva sobre el atentado ocurrido en un mitin en Pensilvania, en medio de se\u00f1alamientos por\u00a0la falla\u00a0de seguridad por parte del servicio secreto que custodia al ex presidente y sus familiares.<\/p>\n\n\n\n<p>Por separado, a trav\u00e9s de su&nbsp;red Truth Social,&nbsp;el aspirante republicano hizo un llamado similar a los ciudadanos a la concordia y unidad nacional: \u201cEn este momento&nbsp;es m\u00e1s importante que nunca que nos mantengamos unidos y mostremos nuestro verdadero car\u00e1cter como estadunidenses, manteni\u00e9ndonos fuertes y decididos y no permitiendo que el mal gane; solo Dios evit\u00f3 que sucediera lo impensable\u201d.<\/p>\n\n\n\n<p>Mientras el presidente Biden decidi\u00f3 permanecer en Washington y suspender sus anuncios de campa\u00f1a temporalmente, Trump lleg\u00f3 a Milwaukee, Wisconsin, que ser\u00e1 a partir de hoy la sede de la Convenci\u00f3n Nacional del Partido Republicano y donde formalmente ser\u00e1 electo como candidato presidencial el pr\u00f3ximo 18 de julio; para el encuentro se reforzar\u00e1n&nbsp;los controles y las medidas seguridad.<\/p>\n\n\n\n<p>El magnate tiene previsto anunciar antes del martes a su compa\u00f1ero de vicepresidencia&nbsp;entre cuatro de los aparentes finalistas: el senador cubano Marco Rubio; el gobernador de Dakota del Norte, Doug Burdam;&nbsp;la de Dakota del Sur, Kristi Noem, y el legislador republicano de Ohio, J.D. Vance.<\/p>\n\n\n\n<p>La llegada de Trump a Milwaukee ocurri\u00f3 24 horas despu\u00e9s de que fue v\u00edctima de un atentado durante un mitin de campa\u00f1a en Pensilvania; el Servicio Secreto de Estados Unidos confirm\u00f3 que el tirador y un espectador en la manifestaci\u00f3n murieron y que otros dos asistentes resultaron gravemente heridos.<\/p>\n\n\n\n<p>El presunto asesino del expresidente fue identificado por la Oficina Federal de investigaciones (FBI) como Thomas Matthews Cook, un joven de 20 a\u00f1os de la localidad de Butler, en Pensilvania, uno de los seis estados \u201ccampos de batalla\u201d de las elecciones presidenciales del 5 de noviembre.<\/p>\n\n\n\n<p>Fuente: Milenio<br>https:\/\/www.milenio.com\/internacional\/estados-unidos\/biden-pide-resolver-diferencias-urnas-atentado-trump<\/p>\n","protected":false},"excerpt":{"rendered":"<p>Un d\u00eda despu\u00e9s del atentado contra el aspirante republicano Donald Trump, el presidente de Estados Unidos, Joe Biden, se sum\u00f3 al llamado de unidad nacional para condenar toda&nbsp;forma&nbsp;de violencia pol\u00edtica y pidi\u00f3&nbsp;a los ciudadanos a dirimir sus diferencias ideol\u00f3gicas de manera pac\u00edfica. \u201cNo existe espacio para este tipo de violencia; debatimos y discrepamos, comparamos y [&hellip;]<\/p>\n","protected":false},"author":35,"featured_media":44307,"comment_status":"open","ping_status":"open","sticky":false,"template":"","format":"standard","meta":{"_monsterinsights_skip_tracking":false,"_monsterinsights_sitenote_active":false,"_monsterinsights_sitenote_note":"","_monsterinsights_sitenote_category":0,"footnotes":""},"categories":[181],"tags":[182,162],"class_list":["post-154506","post","type-post","status-publish","format-standard","has-post-thumbnail","hentry","category-internacional","tag-joe-biden","tag-portada","wp-image-borders"],"amp_enabled":true,"_links":{"self":[{"href":"https:\/\/nvnoticias.mx\/index.php\/wp-json\/wp\/v2\/posts\/154506","targetHints":{"allow":["GET"]}}],"collection":[{"href":"https:\/\/nvnoticias.mx\/index.php\/wp-json\/wp\/v2\/posts"}],"about":[{"href":"https:\/\/nvnoticias.mx\/index.php\/wp-json\/wp\/v2\/types\/post"}],"author":[{"embeddable":true,"href":"https:\/\/nvnoticias.mx\/index.php\/wp-json\/wp\/v2\/users\/35"}],"replies":[{"embeddable":true,"href":"https:\/\/nvnoticias.mx\/index.php\/wp-json\/wp\/v2\/comments?post=154506"}],"version-history":[{"count":1,"href":"https:\/\/nvnoticias.mx\/index.php\/wp-json\/wp\/v2\/posts\/154506\/revisions"}],"predecessor-version":[{"id":154507,"href":"https:\/\/nvnoticias.mx\/index.php\/wp-json\/wp\/v2\/posts\/154506\/revisions\/154507"}],"wp:featuredmedia":[{"embeddable":true,"href":"https:\/\/nvnoticias.mx\/index.php\/wp-json\/wp\/v2\/media\/44307"}],"wp:attachment":[{"href":"https:\/\/nvnoticias.mx\/index.php\/wp-json\/wp\/v2\/media?parent=154506"}],"wp:term":[{"taxonomy":"category","embeddable":true,"href":"https:\/\/nvnoticias.mx\/index.php\/wp-json\/wp\/v2\/categories?post=154506"},{"taxonomy":"post_tag","embeddable":true,"href":"https:\/\/nvnoticias.mx\/index.php\/wp-json\/wp\/v2\/tags?post=154506"}],"curies":[{"name":"wp","href":"https:\/\/api.w.org\/{rel}","templated":true}]}}