{"id":154467,"date":"2024-07-14T06:34:00","date_gmt":"2024-07-14T12:34:00","guid":{"rendered":"https:\/\/nvnoticias.mx\/?p=154467"},"modified":"2024-07-14T01:35:42","modified_gmt":"2024-07-14T07:35:42","slug":"remueven-de-su-cargo-a-funcionarios-de-la-semefo-en-zacatecas","status":"publish","type":"post","link":"https:\/\/nvnoticias.mx\/index.php\/2024\/07\/14\/remueven-de-su-cargo-a-funcionarios-de-la-semefo-en-zacatecas\/","title":{"rendered":"Remueven de su cargo a funcionarios de la Semefo en Zacatecas"},"content":{"rendered":"\n<p><\/p>\n\n\n\n<p>Semefo&nbsp;en Zacatecas tras la denuncia de una madre buscadora, quien se\u00f1al\u00f3 que el cuerpo de su hijo estuvo siete meses en este lugar.<\/p>\n\n\n\n<p>No se dieron a conocer los nombres de los funcionarios involucrados, pero se sabe que son titulares directivos de la Direcci\u00f3n General de Servicios Periciales.<\/p>\n\n\n\n<p>Hasta el momento se inform\u00f3 que dos funcionarios, de nivel titular y directivo de la Fiscal\u00eda de Justicia de Zacatecas, adscritos a la Direcci\u00f3n General de Servicios Periciales fueron removidos de su cargo, inform\u00f3 este s\u00e1bado la instituci\u00f3n mediante comunicado de prensa.<\/p>\n\n\n\n<p>Virginia De la Cruz L\u00f3pez hizo una impactante denuncia ante el Poder Legislativo de Zacatecas, revelando que su hijo, Jos\u00e9 Alejandro De la Cruz L\u00f3pez, desaparecido desde noviembre de 2023, permaneci\u00f3 siete meses en el Servicio M\u00e9dico Forense (Semefo) de Zacatecas.<\/p>\n\n\n\n<p>A pesar de haber acudido en m\u00faltiples ocasiones a las instalaciones, la se\u00f1ora De la Cruz L\u00f3pez afirma que no recibi\u00f3 atenci\u00f3n adecuada ni informaci\u00f3n sobre el paradero de su hijo durante todo ese tiempo. Por lo que la situaci\u00f3n ha generado indignaci\u00f3n&nbsp; entre la comunidad, quienes exigen respuestas y justicia para Jos\u00e9 Alejandro y su<br>familia.<\/p>\n\n\n\n<p>Fuente: Milenio<br>https:\/\/www.milenio.com\/estados\/remueven-de-su-cargo-a-funcionarios-de-la-semefo-en-zacatecas<\/p>\n","protected":false},"excerpt":{"rendered":"<p>Semefo&nbsp;en Zacatecas tras la denuncia de una madre buscadora, quien se\u00f1al\u00f3 que el cuerpo de su hijo estuvo siete meses en este lugar. No se dieron a conocer los nombres de los funcionarios involucrados, pero se sabe que son titulares directivos de la Direcci\u00f3n General de Servicios Periciales. Hasta el momento se inform\u00f3 que dos [&hellip;]<\/p>\n","protected":false},"author":35,"featured_media":27725,"comment_status":"open","ping_status":"open","sticky":false,"template":"","format":"standard","meta":{"_monsterinsights_skip_tracking":false,"_monsterinsights_sitenote_active":false,"_monsterinsights_sitenote_note":"","_monsterinsights_sitenote_category":0,"footnotes":""},"categories":[158],"tags":[29672,6612],"class_list":["post-154467","post","type-post","status-publish","format-standard","has-post-thumbnail","hentry","category-politica","tag-madre-buscadora","tag-semefo","wp-image-borders"],"amp_enabled":true,"_links":{"self":[{"href":"https:\/\/nvnoticias.mx\/index.php\/wp-json\/wp\/v2\/posts\/154467","targetHints":{"allow":["GET"]}}],"collection":[{"href":"https:\/\/nvnoticias.mx\/index.php\/wp-json\/wp\/v2\/posts"}],"about":[{"href":"https:\/\/nvnoticias.mx\/index.php\/wp-json\/wp\/v2\/types\/post"}],"author":[{"embeddable":true,"href":"https:\/\/nvnoticias.mx\/index.php\/wp-json\/wp\/v2\/users\/35"}],"replies":[{"embeddable":true,"href":"https:\/\/nvnoticias.mx\/index.php\/wp-json\/wp\/v2\/comments?post=154467"}],"version-history":[{"count":2,"href":"https:\/\/nvnoticias.mx\/index.php\/wp-json\/wp\/v2\/posts\/154467\/revisions"}],"predecessor-version":[{"id":154469,"href":"https:\/\/nvnoticias.mx\/index.php\/wp-json\/wp\/v2\/posts\/154467\/revisions\/154469"}],"wp:featuredmedia":[{"embeddable":true,"href":"https:\/\/nvnoticias.mx\/index.php\/wp-json\/wp\/v2\/media\/27725"}],"wp:attachment":[{"href":"https:\/\/nvnoticias.mx\/index.php\/wp-json\/wp\/v2\/media?parent=154467"}],"wp:term":[{"taxonomy":"category","embeddable":true,"href":"https:\/\/nvnoticias.mx\/index.php\/wp-json\/wp\/v2\/categories?post=154467"},{"taxonomy":"post_tag","embeddable":true,"href":"https:\/\/nvnoticias.mx\/index.php\/wp-json\/wp\/v2\/tags?post=154467"}],"curies":[{"name":"wp","href":"https:\/\/api.w.org\/{rel}","templated":true}]}}