{"id":154448,"date":"2024-07-14T05:31:00","date_gmt":"2024-07-14T11:31:00","guid":{"rendered":"https:\/\/nvnoticias.mx\/?p=154448"},"modified":"2024-07-14T00:32:58","modified_gmt":"2024-07-14T06:32:58","slug":"no-hay-lugar-en-america-para-este-tipo-de-violencia-biden","status":"publish","type":"post","link":"https:\/\/nvnoticias.mx\/index.php\/2024\/07\/14\/no-hay-lugar-en-america-para-este-tipo-de-violencia-biden\/","title":{"rendered":"No hay lugar en Am\u00e9rica para este tipo de violencia: Biden"},"content":{"rendered":"\n<p>El presidente de Estados Unidos, Joe Biden se pronunci\u00f3 este s\u00e1bado con sobre el atentado que sufri\u00f3 Donald Trump durante un mitin como acto de campa\u00f1a en Pensilvania.<\/p>\n\n\n\n<p>La Casa Blanca anunci\u00f3 que el mandatario estadounidense planeaba dar un discurso a la naci\u00f3n minutos despu\u00e9s de enterarse sobre lo ocurrido y al respecto emiti\u00f3 un comunicado en el cual se mostr\u00f3 contundente: \u201cNo hay lugar para este tipo de violencia en los Estados Unidos\u201d.<\/p>\n\n\n\n<p>Minutos despu\u00e9s en una breve declaraci\u00f3n del presidente estadounidense dijo que &#8220;todos deben condenar&#8221; las escenas violentas en Pensilvania.<\/p>\n\n\n\n<p>Declar\u00f3 que esperaba hablar con Donald Trump m\u00e1s tarde esta noche y agreg\u00f3 que hab\u00eda sido informado detalladamente sobre lo sucedido. &#8220;He tratado de comunicarme con Donald. Est\u00e1 con sus m\u00e9dicos&#8221;, dijo Biden.<\/p>\n\n\n\n<p>&#8220;No podemos permitir que esto suceda. No podemos ser as\u00ed. No podemos tolerar esto&#8221;, a\u00f1adi\u00f3.<\/p>\n\n\n\n<p>Anteriormente, un funcionario de campa\u00f1a dijo que la campa\u00f1a de reelecci\u00f3n de Biden estaba pausando todas las comunicaciones salientes y trabajando para eliminar los anuncios de televisi\u00f3n lo m\u00e1s r\u00e1pido posible.<\/p>\n\n\n\n<p>Fuente: El Universal<br>https:\/\/www.eluniversal.com.mx\/mundo\/atentado-a-trump-no-hay-lugar-en-america-para-este-tipo-de-violencia-dice-biden\/<\/p>\n","protected":false},"excerpt":{"rendered":"<p>El presidente de Estados Unidos, Joe Biden se pronunci\u00f3 este s\u00e1bado con sobre el atentado que sufri\u00f3 Donald Trump durante un mitin como acto de campa\u00f1a en Pensilvania. La Casa Blanca anunci\u00f3 que el mandatario estadounidense planeaba dar un discurso a la naci\u00f3n minutos despu\u00e9s de enterarse sobre lo ocurrido y al respecto emiti\u00f3 un [&hellip;]<\/p>\n","protected":false},"author":35,"featured_media":140550,"comment_status":"open","ping_status":"open","sticky":false,"template":"","format":"standard","meta":{"_monsterinsights_skip_tracking":false,"_monsterinsights_sitenote_active":false,"_monsterinsights_sitenote_note":"","_monsterinsights_sitenote_category":0,"footnotes":""},"categories":[181],"tags":[230,182],"class_list":["post-154448","post","type-post","status-publish","format-standard","has-post-thumbnail","hentry","category-internacional","tag-donald-trump","tag-joe-biden","wp-image-borders"],"amp_enabled":true,"_links":{"self":[{"href":"https:\/\/nvnoticias.mx\/index.php\/wp-json\/wp\/v2\/posts\/154448","targetHints":{"allow":["GET"]}}],"collection":[{"href":"https:\/\/nvnoticias.mx\/index.php\/wp-json\/wp\/v2\/posts"}],"about":[{"href":"https:\/\/nvnoticias.mx\/index.php\/wp-json\/wp\/v2\/types\/post"}],"author":[{"embeddable":true,"href":"https:\/\/nvnoticias.mx\/index.php\/wp-json\/wp\/v2\/users\/35"}],"replies":[{"embeddable":true,"href":"https:\/\/nvnoticias.mx\/index.php\/wp-json\/wp\/v2\/comments?post=154448"}],"version-history":[{"count":2,"href":"https:\/\/nvnoticias.mx\/index.php\/wp-json\/wp\/v2\/posts\/154448\/revisions"}],"predecessor-version":[{"id":154450,"href":"https:\/\/nvnoticias.mx\/index.php\/wp-json\/wp\/v2\/posts\/154448\/revisions\/154450"}],"wp:featuredmedia":[{"embeddable":true,"href":"https:\/\/nvnoticias.mx\/index.php\/wp-json\/wp\/v2\/media\/140550"}],"wp:attachment":[{"href":"https:\/\/nvnoticias.mx\/index.php\/wp-json\/wp\/v2\/media?parent=154448"}],"wp:term":[{"taxonomy":"category","embeddable":true,"href":"https:\/\/nvnoticias.mx\/index.php\/wp-json\/wp\/v2\/categories?post=154448"},{"taxonomy":"post_tag","embeddable":true,"href":"https:\/\/nvnoticias.mx\/index.php\/wp-json\/wp\/v2\/tags?post=154448"}],"curies":[{"name":"wp","href":"https:\/\/api.w.org\/{rel}","templated":true}]}}