{"id":154393,"date":"2024-07-13T10:05:34","date_gmt":"2024-07-13T16:05:34","guid":{"rendered":"https:\/\/nvnoticias.mx\/?p=154393"},"modified":"2024-07-13T10:05:35","modified_gmt":"2024-07-13T16:05:35","slug":"gloriosas-buscan-copa-mundial-con-mexico","status":"publish","type":"post","link":"https:\/\/nvnoticias.mx\/index.php\/2024\/07\/13\/gloriosas-buscan-copa-mundial-con-mexico\/","title":{"rendered":"Gloriosas buscan Copa Mundial con M\u00e9xico"},"content":{"rendered":"\n<p><\/p>\n\n\n\n<p>Marl\u00e9n Lagunes, Dani Leal, Adriana Palma, Majo Valenzuela y Esthela Segovia son Las Gloriosas que buscar\u00e1n un lugar en el roster de la Selecci\u00f3n Mexicana de Beisbol que participar\u00e1 en la Copa Mundial de Beisbol Femenil que se realizar\u00e1 del 28 de julio al 3 de agosto en Canad\u00e1.<\/p>\n\n\n\n<p>Las jugadoras de El \u00c1guila Softbol, quienes tambi\u00e9n han destacado en el beisbol, se encuentran concentras en el Centro Nacional de Alto Rendimiento (CNAR) como preseleccionadas por la Federaci\u00f3n Mexicana de Beisbol, en entrenamientos al m\u00e1s alto nivel para conformar el roster con el cual M\u00e9xico competir\u00e1 en la Copa Mundial.<\/p>\n\n\n\n<p>M\u00e9xico se medir\u00e1 ante el anfitri\u00f3n Canad\u00e1 en su primer juego y posteriormente enfrentar\u00e1 a Estados Unidos, despu\u00e9s a China Taipei, luego a Jap\u00f3n y cerrar\u00e1 ante Venezuela.<\/p>\n\n\n\n<p>La Directiva de El \u00c1guila de Veracruz encabezada por Bernardo Pasquel le desea el mejor de los \u00e9xitos a las jugadoras de El \u00c1guila Softbol en su convocatoria a la preSelecci\u00f3n Mexicana y que representen con orgullo a uno de los equipos con m\u00e1s arraigo en la historia del deporte mexicano como El \u00c1guila.<\/p>\n","protected":false},"excerpt":{"rendered":"<p>Marl\u00e9n Lagunes, Dani Leal, Adriana Palma, Majo Valenzuela y Esthela Segovia son Las Gloriosas que buscar\u00e1n un lugar en el roster de la Selecci\u00f3n Mexicana de Beisbol que participar\u00e1 en la Copa Mundial de Beisbol Femenil que se realizar\u00e1 del 28 de julio al 3 de agosto en Canad\u00e1. Las jugadoras de El \u00c1guila Softbol, [&hellip;]<\/p>\n","protected":false},"author":8,"featured_media":154394,"comment_status":"open","ping_status":"open","sticky":false,"template":"","format":"standard","meta":{"_monsterinsights_skip_tracking":false,"_monsterinsights_sitenote_active":false,"_monsterinsights_sitenote_note":"","_monsterinsights_sitenote_category":0,"footnotes":""},"categories":[159],"tags":[30450,28987],"class_list":["post-154393","post","type-post","status-publish","format-standard","has-post-thumbnail","hentry","category-deportes","tag-copa-mundial-de-beisbol-femenil","tag-el-aguila-de-veracruz-femenil","wp-image-borders"],"amp_enabled":true,"_links":{"self":[{"href":"https:\/\/nvnoticias.mx\/index.php\/wp-json\/wp\/v2\/posts\/154393","targetHints":{"allow":["GET"]}}],"collection":[{"href":"https:\/\/nvnoticias.mx\/index.php\/wp-json\/wp\/v2\/posts"}],"about":[{"href":"https:\/\/nvnoticias.mx\/index.php\/wp-json\/wp\/v2\/types\/post"}],"author":[{"embeddable":true,"href":"https:\/\/nvnoticias.mx\/index.php\/wp-json\/wp\/v2\/users\/8"}],"replies":[{"embeddable":true,"href":"https:\/\/nvnoticias.mx\/index.php\/wp-json\/wp\/v2\/comments?post=154393"}],"version-history":[{"count":1,"href":"https:\/\/nvnoticias.mx\/index.php\/wp-json\/wp\/v2\/posts\/154393\/revisions"}],"predecessor-version":[{"id":154395,"href":"https:\/\/nvnoticias.mx\/index.php\/wp-json\/wp\/v2\/posts\/154393\/revisions\/154395"}],"wp:featuredmedia":[{"embeddable":true,"href":"https:\/\/nvnoticias.mx\/index.php\/wp-json\/wp\/v2\/media\/154394"}],"wp:attachment":[{"href":"https:\/\/nvnoticias.mx\/index.php\/wp-json\/wp\/v2\/media?parent=154393"}],"wp:term":[{"taxonomy":"category","embeddable":true,"href":"https:\/\/nvnoticias.mx\/index.php\/wp-json\/wp\/v2\/categories?post=154393"},{"taxonomy":"post_tag","embeddable":true,"href":"https:\/\/nvnoticias.mx\/index.php\/wp-json\/wp\/v2\/tags?post=154393"}],"curies":[{"name":"wp","href":"https:\/\/api.w.org\/{rel}","templated":true}]}}