{"id":154369,"date":"2024-07-12T13:28:19","date_gmt":"2024-07-12T19:28:19","guid":{"rendered":"https:\/\/nvnoticias.mx\/?p=154369"},"modified":"2024-07-12T13:28:20","modified_gmt":"2024-07-12T19:28:20","slug":"poblacion-mundial-llegara-a-10-mil-300-millones-en-2080-y-luego-caera-mas-de-lo-previsto-onu","status":"publish","type":"post","link":"https:\/\/nvnoticias.mx\/index.php\/2024\/07\/12\/poblacion-mundial-llegara-a-10-mil-300-millones-en-2080-y-luego-caera-mas-de-lo-previsto-onu\/","title":{"rendered":"Poblaci\u00f3n mundial llegar\u00e1 a 10 mil 300 millones en 2080 y luego caer\u00e1 m\u00e1s de lo previsto: ONU"},"content":{"rendered":"\n<p>La poblaci\u00f3n mundial llegar\u00e1 a los 10 mil 300 millones de personas hacia mediados de la d\u00e9cada de 2080 antes de caer a un nivel mucho m\u00e1s bajo de lo previsto hace una d\u00e9cada, seg\u00fan indic\u00f3 la ONU.<\/p>\n\n\n\n<p>El informe titulado &#8220;Perspectivas de la Poblaci\u00f3n Mundial 2024&#8221;, divulgado el jueves, se\u00f1al\u00f3 que la poblaci\u00f3n actual de 8 mil 200 millones aumentar\u00e1 hasta ese m\u00e1ximo en los pr\u00f3ximos 60 a\u00f1os, para luego descender a 10 mil 200 millones a finales de siglo. Tambi\u00e9n, sostuvo que la poblaci\u00f3n mundial en 2100 ser\u00e1 un 6% inferior a la prevista en junio de 2013, es decir, 700 millones de personas menos.<\/p>\n\n\n\n<blockquote class=\"wp-block-quote is-layout-flow wp-block-quote-is-layout-flow\">\n<p>&#8220;El panorama demogr\u00e1fico ha evolucionado mucho en los \u00faltimos a\u00f1os&#8221;, declar\u00f3 Li Junhua, secretario general adjunto de Asuntos Econ\u00f3micos y Sociales de Naciones Unidas. La inesperada ca\u00edda de la poblaci\u00f3n en el futuro se deber\u00eda a varios factores, entre los que destaca el descenso de los niveles de fecundidad en algunos de los pa\u00edses m\u00e1s grandes del mundo, especialmente China. Dicha ca\u00edda se registrar\u00e1 antes de lo previsto anteriormente por los expertos, lo cual se percibe como una se\u00f1al esperanzadora en la lucha del mundo contra el calentamiento global: menos personas representar\u00eda menos consumo agregado y significar\u00eda &#8220;una reducci\u00f3n del impacto humano sobre el medioambiente&#8221;.<\/p>\n<\/blockquote>\n\n\n\n<blockquote class=\"wp-block-quote is-layout-flow wp-block-quote-is-layout-flow\">\n<p>&#8220;Sin embargo, un crecimiento m\u00e1s lento de la poblaci\u00f3n no eliminar\u00e1 la necesidad de reducir el impacto promedio atribuible a las actividades de cada persona&#8221;, aclar\u00f3 el funcionario.<\/p>\n<\/blockquote>\n\n\n\n<p>El trabajo de la ONU tambi\u00e9n resalta que m\u00e1s de una cuarta parte de la poblaci\u00f3n mundial, el 28%, vive actualmente en uno de los 63 pa\u00edses o zonas donde la poblaci\u00f3n ya ha alcanzado su m\u00e1ximo, entre ellos China, Rusia, Jap\u00f3n y Alemania. Casi otros 50 pa\u00edses deber\u00edan unirse a ese grupo en los pr\u00f3ximos 30 a\u00f1os, entre ellos Brasil, Ir\u00e1n y Turqu\u00eda.<\/p>\n\n\n\n<p>Pero el crecimiento demogr\u00e1fico continuar\u00e1 tambi\u00e9n en m\u00e1s de 120 pa\u00edses m\u00e1s all\u00e1 de 2054. Entre ellos, se encuentran India, Indonesia, Nigeria, Pakist\u00e1n y Estados Unidos, seg\u00fan la ONU.<\/p>\n\n\n\n<p>Se reactiv\u00f3 el aumento de la esperanza de vida a nivel mundial, interrumpido por la pandemia de Covid-19, con un promedio de 73,3 a\u00f1os de longevidad en 2024. La media subir\u00e1 de 77,4 a\u00f1os en 2054. Con ese ritmo, la poblaci\u00f3n mundial ser\u00e1 cada vez m\u00e1s mayor antes del 2100. Para finales de la d\u00e9cada de 2070, se prev\u00e9 que el n\u00famero de personas de 65 a\u00f1os o m\u00e1s sea de 2.200 millones, superando a los menores de 18 a\u00f1os, predice el estudio.<\/p>\n\n\n\n<p>Fuente: El Universal<br>https:\/\/www.eluniversal.com.mx\/mundo\/poblacion-mundial-llegara-a-10-mil-300-millones-en-2080-y-luego-caera-mas-de-lo-previsto-onu\/<\/p>\n","protected":false},"excerpt":{"rendered":"<p>La poblaci\u00f3n mundial llegar\u00e1 a los 10 mil 300 millones de personas hacia mediados de la d\u00e9cada de 2080 antes de caer a un nivel mucho m\u00e1s bajo de lo previsto hace una d\u00e9cada, seg\u00fan indic\u00f3 la ONU. El informe titulado &#8220;Perspectivas de la Poblaci\u00f3n Mundial 2024&#8221;, divulgado el jueves, se\u00f1al\u00f3 que la poblaci\u00f3n actual [&hellip;]<\/p>\n","protected":false},"author":35,"featured_media":30155,"comment_status":"open","ping_status":"open","sticky":false,"template":"","format":"standard","meta":{"_monsterinsights_skip_tracking":false,"_monsterinsights_sitenote_active":false,"_monsterinsights_sitenote_note":"","_monsterinsights_sitenote_category":0,"footnotes":""},"categories":[181],"tags":[513,30449],"class_list":["post-154369","post","type-post","status-publish","format-standard","has-post-thumbnail","hentry","category-internacional","tag-onu","tag-poblacion-mundial","wp-image-borders"],"amp_enabled":true,"_links":{"self":[{"href":"https:\/\/nvnoticias.mx\/index.php\/wp-json\/wp\/v2\/posts\/154369","targetHints":{"allow":["GET"]}}],"collection":[{"href":"https:\/\/nvnoticias.mx\/index.php\/wp-json\/wp\/v2\/posts"}],"about":[{"href":"https:\/\/nvnoticias.mx\/index.php\/wp-json\/wp\/v2\/types\/post"}],"author":[{"embeddable":true,"href":"https:\/\/nvnoticias.mx\/index.php\/wp-json\/wp\/v2\/users\/35"}],"replies":[{"embeddable":true,"href":"https:\/\/nvnoticias.mx\/index.php\/wp-json\/wp\/v2\/comments?post=154369"}],"version-history":[{"count":1,"href":"https:\/\/nvnoticias.mx\/index.php\/wp-json\/wp\/v2\/posts\/154369\/revisions"}],"predecessor-version":[{"id":154370,"href":"https:\/\/nvnoticias.mx\/index.php\/wp-json\/wp\/v2\/posts\/154369\/revisions\/154370"}],"wp:featuredmedia":[{"embeddable":true,"href":"https:\/\/nvnoticias.mx\/index.php\/wp-json\/wp\/v2\/media\/30155"}],"wp:attachment":[{"href":"https:\/\/nvnoticias.mx\/index.php\/wp-json\/wp\/v2\/media?parent=154369"}],"wp:term":[{"taxonomy":"category","embeddable":true,"href":"https:\/\/nvnoticias.mx\/index.php\/wp-json\/wp\/v2\/categories?post=154369"},{"taxonomy":"post_tag","embeddable":true,"href":"https:\/\/nvnoticias.mx\/index.php\/wp-json\/wp\/v2\/tags?post=154369"}],"curies":[{"name":"wp","href":"https:\/\/api.w.org\/{rel}","templated":true}]}}