{"id":154326,"date":"2024-07-12T11:56:18","date_gmt":"2024-07-12T17:56:18","guid":{"rendered":"https:\/\/nvnoticias.mx\/?p=154326"},"modified":"2024-07-12T11:56:19","modified_gmt":"2024-07-12T17:56:19","slug":"celebra-amlo-decision-de-sheinbaum-de-nombrar-a-lazaro-cardenas-batel-como-jefe-de-oficina-presidencial","status":"publish","type":"post","link":"https:\/\/nvnoticias.mx\/index.php\/2024\/07\/12\/celebra-amlo-decision-de-sheinbaum-de-nombrar-a-lazaro-cardenas-batel-como-jefe-de-oficina-presidencial\/","title":{"rendered":"Celebra AMLO decisi\u00f3n de Sheinbaum de nombrar a L\u00e1zaro C\u00e1rdenas Batel como jefe de oficina presidencial"},"content":{"rendered":"\n<p>El presidente Andr\u00e9s Manuel L\u00f3pez Obrador consider\u00f3 que fue \u201cmuy buena\u201d la decisi\u00f3n de la virtual presidenta electa Claudia Sheinbaum de nombrar a L\u00e1zaro C\u00e1rdenas Batel como jefe de la Oficina de la Presidencia, porque es un hombre con experiencia y parte de la historia de este pa\u00eds.<\/p>\n\n\n\n<blockquote class=\"wp-block-quote is-layout-flow wp-block-quote-is-layout-flow\">\n<p>\u201cMuy bueno L\u00e1zaro, y muy buena la decisi\u00f3n que tom\u00f3 la presidenta electa. L\u00e1zaro tiene mucha experiencia, es parte de la historia de este pa\u00eds, nieto del general L\u00e1zaro C\u00e1rdenas, hijo del ingeniero Cuauht\u00e9moc C\u00e1rdenas, precursor de este movimiento democr\u00e1tico de nuestro tiempo\u201d, dijo L\u00f3pez Obrador sobre el hijo de Cuauht\u00e9moc C\u00e1rdenas, en su conferencia ma\u00f1anera de este viernes 12 de julio en Palacio Nacional.<\/p>\n<\/blockquote>\n\n\n\n<p>L\u00f3pez Obrador dijo que la pr\u00f3xima presidenta de M\u00e9xico seguir\u00e1 sorprendiendo con los nombramientos de su Gabinete.<\/p>\n\n\n\n<blockquote class=\"wp-block-quote is-layout-flow wp-block-quote-is-layout-flow\">\n<p>\u201cFue una muy buena decisi\u00f3n de la presidenta electa, que va a seguir sorprendiendo, porque es muy buena la decisi\u00f3n de la presidenta electa, va a ser una extraordinaria Presidenta. Va a llegar a ser la mejor presidenta de M\u00e9xico\u201d, expres\u00f3.<\/p>\n<\/blockquote>\n\n\n\n<p>Destac\u00f3 que Shienbaum es una mujer muy sensible, inteligente, honesta, que conoce bastante sobre sobre cuestiones de ciencia, tecnolog\u00eda de ingenier\u00eda, administraci\u00f3n p\u00fablica, que viene de la lucha social \u201cdesde jovencita, la primera mujer presidenta\u201d.<\/p>\n\n\n\n<p>Fuente: El Universal<br>https:\/\/www.eluniversal.com.mx\/nacion\/amlo-celebra-decision-de-claudia-sheinbaum-de-nombrar-a-lazaro-cardenas-batel-como-su-jefe-de-oficina-de-presidencia\/?outputType=amp<\/p>\n","protected":false},"excerpt":{"rendered":"<p>El presidente Andr\u00e9s Manuel L\u00f3pez Obrador consider\u00f3 que fue \u201cmuy buena\u201d la decisi\u00f3n de la virtual presidenta electa Claudia Sheinbaum de nombrar a L\u00e1zaro C\u00e1rdenas Batel como jefe de la Oficina de la Presidencia, porque es un hombre con experiencia y parte de la historia de este pa\u00eds. \u201cMuy bueno L\u00e1zaro, y muy buena la [&hellip;]<\/p>\n","protected":false},"author":35,"featured_media":154327,"comment_status":"open","ping_status":"open","sticky":false,"template":"","format":"standard","meta":{"_monsterinsights_skip_tracking":false,"_monsterinsights_sitenote_active":false,"_monsterinsights_sitenote_note":"","_monsterinsights_sitenote_category":0,"footnotes":""},"categories":[158],"tags":[188,9689,2801,23958],"class_list":["post-154326","post","type-post","status-publish","format-standard","has-post-thumbnail","hentry","category-politica","tag-amlo","tag-celebra","tag-claudia-sheinbaum","tag-lazaro-cardenas-batel","wp-image-borders"],"amp_enabled":true,"_links":{"self":[{"href":"https:\/\/nvnoticias.mx\/index.php\/wp-json\/wp\/v2\/posts\/154326","targetHints":{"allow":["GET"]}}],"collection":[{"href":"https:\/\/nvnoticias.mx\/index.php\/wp-json\/wp\/v2\/posts"}],"about":[{"href":"https:\/\/nvnoticias.mx\/index.php\/wp-json\/wp\/v2\/types\/post"}],"author":[{"embeddable":true,"href":"https:\/\/nvnoticias.mx\/index.php\/wp-json\/wp\/v2\/users\/35"}],"replies":[{"embeddable":true,"href":"https:\/\/nvnoticias.mx\/index.php\/wp-json\/wp\/v2\/comments?post=154326"}],"version-history":[{"count":1,"href":"https:\/\/nvnoticias.mx\/index.php\/wp-json\/wp\/v2\/posts\/154326\/revisions"}],"predecessor-version":[{"id":154328,"href":"https:\/\/nvnoticias.mx\/index.php\/wp-json\/wp\/v2\/posts\/154326\/revisions\/154328"}],"wp:featuredmedia":[{"embeddable":true,"href":"https:\/\/nvnoticias.mx\/index.php\/wp-json\/wp\/v2\/media\/154327"}],"wp:attachment":[{"href":"https:\/\/nvnoticias.mx\/index.php\/wp-json\/wp\/v2\/media?parent=154326"}],"wp:term":[{"taxonomy":"category","embeddable":true,"href":"https:\/\/nvnoticias.mx\/index.php\/wp-json\/wp\/v2\/categories?post=154326"},{"taxonomy":"post_tag","embeddable":true,"href":"https:\/\/nvnoticias.mx\/index.php\/wp-json\/wp\/v2\/tags?post=154326"}],"curies":[{"name":"wp","href":"https:\/\/api.w.org\/{rel}","templated":true}]}}