{"id":154313,"date":"2024-07-12T09:27:29","date_gmt":"2024-07-12T15:27:29","guid":{"rendered":"https:\/\/nvnoticias.mx\/?p=154313"},"modified":"2024-07-12T09:27:30","modified_gmt":"2024-07-12T15:27:30","slug":"piden-mas-democratas-a-biden-que-se-aparte-de-la-carrera-de-2024-tras-su-conferencia-de-prensa","status":"publish","type":"post","link":"https:\/\/nvnoticias.mx\/index.php\/2024\/07\/12\/piden-mas-democratas-a-biden-que-se-aparte-de-la-carrera-de-2024-tras-su-conferencia-de-prensa\/","title":{"rendered":"Piden m\u00e1s dem\u00f3cratas a Biden que se aparte de la carrera de 2024 tras su conferencia de prensa"},"content":{"rendered":"\n<p>El presidente estadounidense Joe Biden repiti\u00f3 este jueves que es el dem\u00f3crata &#8220;m\u00e1s cualificado&#8221; para las elecciones pese a confundir a Donald Trump con Kamala Harris y a Volodimir Zelensky con Vladimir Putin.<\/p>\n\n\n\n<p>&#8220;Creo que soy la persona m\u00e1s cualificada para ser candidato a la presidencia. Le gan\u00e9 una vez y le volver\u00e9 a ganar&#8221;, dijo Biden, de 81 a\u00f1os, sobre su rival republicano en una rueda de prensa empa\u00f1ada por confusiones garrafales.<\/p>\n\n\n\n<p>Tras la conferencia, tres legisladores dem\u00f3cratas pidieron a Biden que se retire de la candidatura de su partido a las elecciones.<\/p>\n\n\n\n<p>Los congresistas de la C\u00e1mara de Representantes Eric Sorensen, Scott Peters y Jim Himes publicaron comunicados reconociendo la labor de Biden en su mandato, pero solicit\u00e1ndole que abra paso a un liderazgo distinto de cara a las presidenciales.<\/p>\n\n\n\n<p>Con ellos, ya son 17 congresistas del propio partido del presidente los que han expresado p\u00fablicamente su deseo de que sea otro candidato quien se enfrente al expresidente Trump en noviembre.<\/p>\n\n\n\n<p>En los pr\u00f3ximos d\u00edas, se espera una avalancha de m\u00e1s voces dem\u00f3cratas en contra de una candidatura de Biden.<\/p>\n\n\n\n<p>Seg\u00fan adelant\u00f3 la cadena estadounidense CBS, &#8220;docenas&#8221; de legisladores est\u00e1n planeando de manera &#8220;coordinada&#8221; publicar declaraciones haciendo un llamado al mandatario, de 81, para abandonar sus aspiraciones a las reelecci\u00f3n.<\/p>\n\n\n\n<p>Los l\u00edderes del partido habr\u00edan pedido ayuda al expresidente Barack Obama (2009-2017) y a la expresidenta de la C\u00e1mara Baja Nancy Pelosi para convencer a Biden de que se haga a un lado, seg\u00fan informaron fuentes dem\u00f3cratas a la cadena CNN.<\/p>\n\n\n\n<p>Los dos pesos pesados de la \u00e9lite del partido azul han ya mantenido conversaciones sobre el tema, pero no est\u00e1n seguros sobre c\u00f3mo proceder, destac\u00f3 el medio.<\/p>\n\n\n\n<p>Otros representantes que han pedido a Biden que se haga a un lado son:<\/p>\n\n\n\n<p>Marie Gluesenkamp P\u00e9rez, por Washington.<\/p>\n\n\n\n<p>Greg Stanton, por Arizona.<\/p>\n\n\n\n<p>Ed Case, por Haw\u00e1i.<\/p>\n\n\n\n<p>Brad Schneider, de Illinois.<\/p>\n\n\n\n<p>Hillary Scholten, de Michigan.<\/p>\n\n\n\n<p>Earl Blumenauer, de Oregon.<\/p>\n\n\n\n<p>Pat Ryan, un dem\u00f3crata moderado que se presenta a la reelecci\u00f3n en un distrito crucial en el norte del estado de Nueva York.<\/p>\n\n\n\n<p>Mikie Sherrill, congresista de Nueva Jersey.<\/p>\n\n\n\n<p>Angie Craig, congresista de Minnesota.<\/p>\n\n\n\n<p>Mike Quigley, congresista de Illinois.<\/p>\n\n\n\n<p>Adam Smith, miembro de la C\u00e1mara de Representantes del estado de Washington.<\/p>\n\n\n\n<p>Seth Moulton, miembro de la C\u00e1mara de Representantes de Massachusetts.<\/p>\n\n\n\n<p>Ra\u00fal Grijalva, de Arizona.<\/p>\n\n\n\n<p>Lloyd Doggett, congresista de Austin, Texas.<\/p>\n\n\n\n<p>Senador Peter Welch, que representa a Vermont.<\/p>\n\n\n\n<p>Fuente: El Universal<br>https:\/\/www.eluniversal.com.mx\/mundo\/mas-democratas-piden-a-biden-que-se-aparte-de-la-carrera-de-2024-tras-su-conferencia-de-prensa\/<\/p>\n","protected":false},"excerpt":{"rendered":"<p>El presidente estadounidense Joe Biden repiti\u00f3 este jueves que es el dem\u00f3crata &#8220;m\u00e1s cualificado&#8221; para las elecciones pese a confundir a Donald Trump con Kamala Harris y a Volodimir Zelensky con Vladimir Putin. &#8220;Creo que soy la persona m\u00e1s cualificada para ser candidato a la presidencia. Le gan\u00e9 una vez y le volver\u00e9 a ganar&#8221;, [&hellip;]<\/p>\n","protected":false},"author":35,"featured_media":140550,"comment_status":"open","ping_status":"open","sticky":false,"template":"","format":"standard","meta":{"_monsterinsights_skip_tracking":false,"_monsterinsights_sitenote_active":false,"_monsterinsights_sitenote_note":"","_monsterinsights_sitenote_category":0,"footnotes":""},"categories":[181],"tags":[182],"class_list":["post-154313","post","type-post","status-publish","format-standard","has-post-thumbnail","hentry","category-internacional","tag-joe-biden","wp-image-borders"],"amp_enabled":true,"_links":{"self":[{"href":"https:\/\/nvnoticias.mx\/index.php\/wp-json\/wp\/v2\/posts\/154313","targetHints":{"allow":["GET"]}}],"collection":[{"href":"https:\/\/nvnoticias.mx\/index.php\/wp-json\/wp\/v2\/posts"}],"about":[{"href":"https:\/\/nvnoticias.mx\/index.php\/wp-json\/wp\/v2\/types\/post"}],"author":[{"embeddable":true,"href":"https:\/\/nvnoticias.mx\/index.php\/wp-json\/wp\/v2\/users\/35"}],"replies":[{"embeddable":true,"href":"https:\/\/nvnoticias.mx\/index.php\/wp-json\/wp\/v2\/comments?post=154313"}],"version-history":[{"count":1,"href":"https:\/\/nvnoticias.mx\/index.php\/wp-json\/wp\/v2\/posts\/154313\/revisions"}],"predecessor-version":[{"id":154314,"href":"https:\/\/nvnoticias.mx\/index.php\/wp-json\/wp\/v2\/posts\/154313\/revisions\/154314"}],"wp:featuredmedia":[{"embeddable":true,"href":"https:\/\/nvnoticias.mx\/index.php\/wp-json\/wp\/v2\/media\/140550"}],"wp:attachment":[{"href":"https:\/\/nvnoticias.mx\/index.php\/wp-json\/wp\/v2\/media?parent=154313"}],"wp:term":[{"taxonomy":"category","embeddable":true,"href":"https:\/\/nvnoticias.mx\/index.php\/wp-json\/wp\/v2\/categories?post=154313"},{"taxonomy":"post_tag","embeddable":true,"href":"https:\/\/nvnoticias.mx\/index.php\/wp-json\/wp\/v2\/tags?post=154313"}],"curies":[{"name":"wp","href":"https:\/\/api.w.org\/{rel}","templated":true}]}}