{"id":154311,"date":"2024-07-12T09:22:21","date_gmt":"2024-07-12T15:22:21","guid":{"rendered":"https:\/\/nvnoticias.mx\/?p=154311"},"modified":"2024-07-12T09:22:23","modified_gmt":"2024-07-12T15:22:23","slug":"rehusa-el-kremlin-comentar-lapsus-de-biden-pero-condena-ataques-verbales-contra-putin","status":"publish","type":"post","link":"https:\/\/nvnoticias.mx\/index.php\/2024\/07\/12\/rehusa-el-kremlin-comentar-lapsus-de-biden-pero-condena-ataques-verbales-contra-putin\/","title":{"rendered":"Rehusa el Kremlin comentar lapsus de Biden, pero condena ataques verbales contra Putin"},"content":{"rendered":"\n<p>El portavoz del Kremlin, Dmitri Peskov, rehus\u00f3 hoy comentar los lapsus del presidente estadounidense, Joe Biden, que le han valido las cr\u00edticas de copartidarios y las burlas del expresidente Donald Trump, pero conden\u00f3 los descalificativos contra el mandatario ruso, Vladimir Putin.<\/p>\n\n\n\n<p>&#8220;Nos fijamos en que todo el mundo se ha fijado en esto, por lo que no puede haber comentario alguno al respecto, se trata de lapsus&#8221;, afirm\u00f3 lac\u00f3nico al ser preguntado al respecto en su rueda de prensa telef\u00f3nica diaria.<\/p>\n\n\n\n<p>El representante de la Presidencia rusa indic\u00f3 que estos lapsus se hacen m\u00e1s notorios &#8220;en el contexto de los debates pol\u00edticos internos&#8221; de EU, que son seguidos por todo el mundo.<\/p>\n\n\n\n<p>&#8220;Pero esto no es un asunto nuestro, es un asunto interno de EU&#8221;, afirm\u00f3, al se\u00f1alar que ser\u00e1n los electores estadounidenses quienes deber\u00e1n valorar este tipo de lapsus y c\u00f3mo estos inciden en las oportunidades de los candidatos presidenciales.<\/p>\n\n\n\n<p>Eso s\u00ed, a\u00f1adi\u00f3 que las declaraciones habituales de Biden respecto a su hom\u00f3logo ruso, con calificativos como el de &#8220;asesino&#8221;, &#8220;dictador&#8221; u otros semejantes, son &#8220;absolutamente inadmisibles&#8221;.<\/p>\n\n\n\n<p>&#8220;Se trata de una conducta que un jefe de Estado no se puede permitir. Me refiero a las declaraciones respecto al presidente Putin&#8221;, a\u00f1adi\u00f3.<\/p>\n\n\n\n<p>Seg\u00fan Peskov, esto es algo &#8220;que no favorece al jefe del Estado norteamericano&#8221;.<\/p>\n\n\n\n<p>&#8220;Estas son las cosas en las que nos fijamos y lo que consideramos totalmente inadmisible&#8221;, zanj\u00f3.<\/p>\n\n\n\n<p>Fuente: El Universal<br>https:\/\/www.eluniversal.com.mx\/mundo\/el-kremlin-rehusa-comentar-lapsus-de-biden-pero-condena-ataques-verbales-contra-putin\/<\/p>\n","protected":false},"excerpt":{"rendered":"<p>El portavoz del Kremlin, Dmitri Peskov, rehus\u00f3 hoy comentar los lapsus del presidente estadounidense, Joe Biden, que le han valido las cr\u00edticas de copartidarios y las burlas del expresidente Donald Trump, pero conden\u00f3 los descalificativos contra el mandatario ruso, Vladimir Putin. &#8220;Nos fijamos en que todo el mundo se ha fijado en esto, por lo [&hellip;]<\/p>\n","protected":false},"author":35,"featured_media":16348,"comment_status":"open","ping_status":"open","sticky":false,"template":"","format":"standard","meta":{"_monsterinsights_skip_tracking":false,"_monsterinsights_sitenote_active":false,"_monsterinsights_sitenote_note":"","_monsterinsights_sitenote_category":0,"footnotes":""},"categories":[181],"tags":[182,2846],"class_list":["post-154311","post","type-post","status-publish","format-standard","has-post-thumbnail","hentry","category-internacional","tag-joe-biden","tag-kremlin","wp-image-borders"],"amp_enabled":true,"_links":{"self":[{"href":"https:\/\/nvnoticias.mx\/index.php\/wp-json\/wp\/v2\/posts\/154311","targetHints":{"allow":["GET"]}}],"collection":[{"href":"https:\/\/nvnoticias.mx\/index.php\/wp-json\/wp\/v2\/posts"}],"about":[{"href":"https:\/\/nvnoticias.mx\/index.php\/wp-json\/wp\/v2\/types\/post"}],"author":[{"embeddable":true,"href":"https:\/\/nvnoticias.mx\/index.php\/wp-json\/wp\/v2\/users\/35"}],"replies":[{"embeddable":true,"href":"https:\/\/nvnoticias.mx\/index.php\/wp-json\/wp\/v2\/comments?post=154311"}],"version-history":[{"count":1,"href":"https:\/\/nvnoticias.mx\/index.php\/wp-json\/wp\/v2\/posts\/154311\/revisions"}],"predecessor-version":[{"id":154312,"href":"https:\/\/nvnoticias.mx\/index.php\/wp-json\/wp\/v2\/posts\/154311\/revisions\/154312"}],"wp:featuredmedia":[{"embeddable":true,"href":"https:\/\/nvnoticias.mx\/index.php\/wp-json\/wp\/v2\/media\/16348"}],"wp:attachment":[{"href":"https:\/\/nvnoticias.mx\/index.php\/wp-json\/wp\/v2\/media?parent=154311"}],"wp:term":[{"taxonomy":"category","embeddable":true,"href":"https:\/\/nvnoticias.mx\/index.php\/wp-json\/wp\/v2\/categories?post=154311"},{"taxonomy":"post_tag","embeddable":true,"href":"https:\/\/nvnoticias.mx\/index.php\/wp-json\/wp\/v2\/tags?post=154311"}],"curies":[{"name":"wp","href":"https:\/\/api.w.org\/{rel}","templated":true}]}}