{"id":1543,"date":"2021-01-18T13:59:08","date_gmt":"2021-01-18T19:59:08","guid":{"rendered":"https:\/\/nvnoticias.mx\/?p=1543"},"modified":"2021-01-18T13:59:46","modified_gmt":"2021-01-18T19:59:46","slug":"oficializa-sergio-hernandez-solicitud-de-licencia-ante-el-congreso-de-veracruz","status":"publish","type":"post","link":"https:\/\/nvnoticias.mx\/index.php\/2021\/01\/18\/oficializa-sergio-hernandez-solicitud-de-licencia-ante-el-congreso-de-veracruz\/","title":{"rendered":"Oficializa Sergio Hern\u00e1ndez solicitud de licencia ante el Congreso de Veracruz"},"content":{"rendered":"\n<p><br>Xalapa, Ver., 18 de enero del 2021.- Diputado Sergio Hern\u00e1ndez Hern\u00e1ndez solicita licencia al cargo, entreg\u00f3 oficio ante la Presidencia de la LXV Legislatura, para buscar la candidatura por la Alcald\u00eda de Xalapa en contienda interna del Partido Acci\u00f3n Nacional (PAN).<\/p>\n\n\n\n<p>El viernes pasado, Hern\u00e1ndez Hern\u00e1ndez anunci\u00f3 que estar\u00eda separ\u00e1ndose de su labor como legislador para participar en el proceso de su partido el Acci\u00f3n Nacional, luego que de militantes le hicieran el llamado a ser \u00e9l, el candidato.<\/p>\n\n\n\n<p>De acuerdo a lo que establece la ley, para quien busque este tipo de cargos de elecci\u00f3n popular, tendr\u00e1n que pedir una separaci\u00f3n temporal a partir del 6 de abril del a\u00f1o en curso.<\/p>\n\n\n\n<p>Sin embargo, Sergio Hern\u00e1ndez oficializ\u00f3 ya su licencia, que tendr\u00e1 una duraci\u00f3n de 25 d\u00edas a partir del pr\u00f3ximo jueves.<\/p>\n\n\n\n<blockquote class=\"wp-block-quote is-layout-flow wp-block-quote-is-layout-flow\"><p>&#8220;Son 25 d\u00edas, que es lo que dura el proceso interno de mi partido. De acuerdo a lo que establece la ley, quienes buscamos un cargo de este tipo deber separarse a partir del 6 de abril, sin embargo he decidido hacerlo para concentrarme completamente en el tema&#8221;.<\/p><\/blockquote>\n","protected":false},"excerpt":{"rendered":"<p>Hern\u00e1ndez Hern\u00e1ndez participar\u00e1 en proceso interno de su partido para buscar candidatura por la Alcald\u00eda de Xalapa <\/p>\n","protected":false},"author":6,"featured_media":1546,"comment_status":"open","ping_status":"open","sticky":false,"template":"","format":"standard","meta":{"_monsterinsights_skip_tracking":false,"_monsterinsights_sitenote_active":false,"_monsterinsights_sitenote_note":"","_monsterinsights_sitenote_category":0,"footnotes":""},"categories":[158],"tags":[515,321,162,514],"class_list":["post-1543","post","type-post","status-publish","format-standard","has-post-thumbnail","hentry","category-politica","tag-congreso-veracruz","tag-elecciones2021","tag-portada","tag-sergio-hernandez","wp-image-borders"],"amp_enabled":true,"_links":{"self":[{"href":"https:\/\/nvnoticias.mx\/index.php\/wp-json\/wp\/v2\/posts\/1543","targetHints":{"allow":["GET"]}}],"collection":[{"href":"https:\/\/nvnoticias.mx\/index.php\/wp-json\/wp\/v2\/posts"}],"about":[{"href":"https:\/\/nvnoticias.mx\/index.php\/wp-json\/wp\/v2\/types\/post"}],"author":[{"embeddable":true,"href":"https:\/\/nvnoticias.mx\/index.php\/wp-json\/wp\/v2\/users\/6"}],"replies":[{"embeddable":true,"href":"https:\/\/nvnoticias.mx\/index.php\/wp-json\/wp\/v2\/comments?post=1543"}],"version-history":[{"count":2,"href":"https:\/\/nvnoticias.mx\/index.php\/wp-json\/wp\/v2\/posts\/1543\/revisions"}],"predecessor-version":[{"id":1548,"href":"https:\/\/nvnoticias.mx\/index.php\/wp-json\/wp\/v2\/posts\/1543\/revisions\/1548"}],"wp:featuredmedia":[{"embeddable":true,"href":"https:\/\/nvnoticias.mx\/index.php\/wp-json\/wp\/v2\/media\/1546"}],"wp:attachment":[{"href":"https:\/\/nvnoticias.mx\/index.php\/wp-json\/wp\/v2\/media?parent=1543"}],"wp:term":[{"taxonomy":"category","embeddable":true,"href":"https:\/\/nvnoticias.mx\/index.php\/wp-json\/wp\/v2\/categories?post=1543"},{"taxonomy":"post_tag","embeddable":true,"href":"https:\/\/nvnoticias.mx\/index.php\/wp-json\/wp\/v2\/tags?post=1543"}],"curies":[{"name":"wp","href":"https:\/\/api.w.org\/{rel}","templated":true}]}}