{"id":154265,"date":"2024-07-11T13:25:37","date_gmt":"2024-07-11T19:25:37","guid":{"rendered":"https:\/\/nvnoticias.mx\/?p=154265"},"modified":"2024-07-11T13:25:38","modified_gmt":"2024-07-11T19:25:38","slug":"habla-amlo-sobre-aspiraciones-de-luisa-maria-alcalde-para-dirigir-morena","status":"publish","type":"post","link":"https:\/\/nvnoticias.mx\/index.php\/2024\/07\/11\/habla-amlo-sobre-aspiraciones-de-luisa-maria-alcalde-para-dirigir-morena\/","title":{"rendered":"Habla AMLO sobre aspiraciones de Luisa Mar\u00eda Alcalde para dirigir Morena"},"content":{"rendered":"\n<p>Ante el pr\u00f3ximo proceso de renovaci\u00f3n de la dirigencia nacional de Morena, por la que Luisa Mar\u00eda Alcalde mostr\u00f3 su inter\u00e9s, el presidente Andr\u00e9s Manuel L\u00f3pez Obrador record\u00f3 c\u00f3mo la secretaria de Gobernaci\u00f3n fue imagen del partido en su origen cuando &#8220;estaba jovencita&#8221;.<\/p>\n\n\n\n<blockquote class=\"wp-block-quote is-layout-flow wp-block-quote-is-layout-flow\">\n<p>\u201cNo soy objetivo\u201d, dijo L\u00f3pez Obrador en su conferencia ma\u00f1anera de este jueves 11 de julio en Palacio Nacional al preguntarle su opini\u00f3n sobre el inter\u00e9s de Alcalde para dirigir a Morena.<\/p>\n<\/blockquote>\n\n\n\n<p>En el Sal\u00f3n Tesorer\u00eda, el Presidente pidi\u00f3 que se exhibiera un video de la canci\u00f3n oficial de Morena, de la cual Luisa Mar\u00eda Alcalde fue imagen arriba de un cami\u00f3n.<\/p>\n\n\n\n<blockquote class=\"wp-block-quote is-layout-flow wp-block-quote-is-layout-flow\">\n<p>\u201c\u00bfNo tienes a (Luisa Mar\u00eda Alcalde)? Porque estaba jovencita y no ten\u00edamos c\u00f3mo hacer campa\u00f1a\u201d, expres\u00f3 antes de ser exhibido el video.<\/p>\n<\/blockquote>\n\n\n\n<p>En el video oficial de la canci\u00f3n de Morena, rumbo a las elecciones de 2012, se observa a Luisa Mar\u00eda Alcalde cantando arriba de un cami\u00f3n: \u201cMorena hija, Morena hermana, Morena madre de la naci\u00f3n, protege la lucha mexicana, cuida las urnas de la elecci\u00f3n. Organic\u00e9monos desde ahorita por la liberaci\u00f3n nacional. En 2012 se necesita ganar la lucha electoral.<\/p>\n\n\n\n<blockquote class=\"wp-block-quote is-layout-flow wp-block-quote-is-layout-flow\">\n<p>\u201cQue la derecha ya no descuadre el resultado de la elecci\u00f3n, para que no nos vengan con fraudes, solo hace falta organizaci\u00f3n\u201d.<\/p>\n<\/blockquote>\n\n\n\n<blockquote class=\"wp-block-quote is-layout-flow wp-block-quote-is-layout-flow\">\n<p>\u201cEs que es nost\u00e1lgico porque es de 2012, es de 2012, tiene 12 a\u00f1os\u201d, coment\u00f3 el Presidente.<\/p>\n<\/blockquote>\n\n\n\n<p>Fuente: El Universal<br>https:\/\/www.eluniversal.com.mx\/nacion\/video-amlo-exhibe-a-luisa-maria-alcalde-jovencita-cuando-fue-imagen-de-morena-en-su-origen\/?outputType=amp<\/p>\n","protected":false},"excerpt":{"rendered":"<p>Ante el pr\u00f3ximo proceso de renovaci\u00f3n de la dirigencia nacional de Morena, por la que Luisa Mar\u00eda Alcalde mostr\u00f3 su inter\u00e9s, el presidente Andr\u00e9s Manuel L\u00f3pez Obrador record\u00f3 c\u00f3mo la secretaria de Gobernaci\u00f3n fue imagen del partido en su origen cuando &#8220;estaba jovencita&#8221;. \u201cNo soy objetivo\u201d, dijo L\u00f3pez Obrador en su conferencia ma\u00f1anera de este [&hellip;]<\/p>\n","protected":false},"author":35,"featured_media":154267,"comment_status":"open","ping_status":"open","sticky":false,"template":"","format":"standard","meta":{"_monsterinsights_skip_tracking":false,"_monsterinsights_sitenote_active":false,"_monsterinsights_sitenote_note":"","_monsterinsights_sitenote_category":0,"footnotes":""},"categories":[158],"tags":[188,25812,162],"class_list":["post-154265","post","type-post","status-publish","format-standard","has-post-thumbnail","hentry","category-politica","tag-amlo","tag-luisa-maria-alcalde","tag-portada","wp-image-borders"],"amp_enabled":true,"_links":{"self":[{"href":"https:\/\/nvnoticias.mx\/index.php\/wp-json\/wp\/v2\/posts\/154265","targetHints":{"allow":["GET"]}}],"collection":[{"href":"https:\/\/nvnoticias.mx\/index.php\/wp-json\/wp\/v2\/posts"}],"about":[{"href":"https:\/\/nvnoticias.mx\/index.php\/wp-json\/wp\/v2\/types\/post"}],"author":[{"embeddable":true,"href":"https:\/\/nvnoticias.mx\/index.php\/wp-json\/wp\/v2\/users\/35"}],"replies":[{"embeddable":true,"href":"https:\/\/nvnoticias.mx\/index.php\/wp-json\/wp\/v2\/comments?post=154265"}],"version-history":[{"count":1,"href":"https:\/\/nvnoticias.mx\/index.php\/wp-json\/wp\/v2\/posts\/154265\/revisions"}],"predecessor-version":[{"id":154266,"href":"https:\/\/nvnoticias.mx\/index.php\/wp-json\/wp\/v2\/posts\/154265\/revisions\/154266"}],"wp:featuredmedia":[{"embeddable":true,"href":"https:\/\/nvnoticias.mx\/index.php\/wp-json\/wp\/v2\/media\/154267"}],"wp:attachment":[{"href":"https:\/\/nvnoticias.mx\/index.php\/wp-json\/wp\/v2\/media?parent=154265"}],"wp:term":[{"taxonomy":"category","embeddable":true,"href":"https:\/\/nvnoticias.mx\/index.php\/wp-json\/wp\/v2\/categories?post=154265"},{"taxonomy":"post_tag","embeddable":true,"href":"https:\/\/nvnoticias.mx\/index.php\/wp-json\/wp\/v2\/tags?post=154265"}],"curies":[{"name":"wp","href":"https:\/\/api.w.org\/{rel}","templated":true}]}}