{"id":154232,"date":"2024-07-11T10:59:48","date_gmt":"2024-07-11T16:59:48","guid":{"rendered":"https:\/\/nvnoticias.mx\/?p=154232"},"modified":"2024-07-11T11:10:05","modified_gmt":"2024-07-11T17:10:05","slug":"la-transformacion-de-veracruz-desde-la-educacion","status":"publish","type":"post","link":"https:\/\/nvnoticias.mx\/index.php\/2024\/07\/11\/la-transformacion-de-veracruz-desde-la-educacion\/","title":{"rendered":"La Transformaci\u00f3n de Veracruz Desde la Educaci\u00f3n"},"content":{"rendered":"\n<p>\u00bfAlguna vez has querido hacer algo, pero no sab\u00edas c\u00f3mo hacerlo?<\/p>\n\n\n\n<p><strong>Dr. Jerem\u00edas Z\u00fa\u00f1iga Mezano<\/strong><\/p>\n\n\n\n<p>\u00bfC\u00f3mo te sentir\u00edas al querer hacer algo y no saber c\u00f3mo hacerlo? \u00bfMolesto? \u00bfFrustrado? \u00bfEnojado? Imagina que quisieras escribirle un mensaje de texto a tu hijo y no supieras c\u00f3mo hacerlo. O que tu pareja te enviara un mensaje y no pudieras leerlo. Imagina estar carente de cualquier tipo de conocimiento que se adquiere a trav\u00e9s de la lectura o la escritura.<\/p>\n\n\n\n<p>Es una sensaci\u00f3n frustrante, que puede paralizarnos y limitarnos. Pues es as\u00ed para m\u00e1s de 680,000 veracruzanos que no saben leer ni escribir.<\/p>\n\n\n\n<p>Veracruz enfrenta retos significativos para asegurar que cada joven reciba la educaci\u00f3n necesaria para prosperar en el futuro.<\/p>\n\n\n\n<p>En la actualidad, son m\u00e1s de 2,039,000 estudiantes en todos los niveles educativos, la educaci\u00f3n b\u00e1sica agrupa a 1,352,751 alumnos en Veracruz, distribuidos de la siguiente manera: Educaci\u00f3n Inicial con 6,505 alumnos, Preescolar con 214,518 alumnos, Primaria con 761,271 alumnos y Secundaria con 370,457 alumnos. Sin embargo, la realidad se torna m\u00e1s preocupante cuando observamos la disminuci\u00f3n de la matr\u00edcula escolar a medida que los estudiantes avanzan a niveles superiores: solo 314,766 alumnos est\u00e1n inscritos en Bachillerato, 234,669 en la Universidad, y apenas 15,681 en programas de Posgrado. Adem\u00e1s, la educaci\u00f3n especial alberga a 22,982 alumnos, la formaci\u00f3n para el trabajo a 81,945 alumnos, y la educaci\u00f3n para adultos a 5,944 alumnos.<\/p>\n\n\n\n<p>El problema se agrava con el analfabetismo que afecta al 8.49% de la poblaci\u00f3n de Veracruz, lo que representa a unas 684,548 personas. Estos n\u00fameros reflejan un estado con un promedio de a\u00f1os de estudio de 8.75 y una esperanza de escolaridad de 13.91 a\u00f1os, en una poblaci\u00f3n total de 8,062,579 habitantes, de los cuales 6,098,206 son mayores de 15 a\u00f1os. Adem\u00e1s, Veracruz cuenta con 215,475 afrodescendientes y 663,503 personas de poblaci\u00f3n ind\u00edgena.<\/p>\n\n\n\n<p>Es necesario preguntarnos: \u00bfC\u00f3mo podemos incrementar la matr\u00edcula escolar en todos los niveles, especialmente en la educaci\u00f3n inicial y preescolar?<\/p>\n\n\n\n<p>Seg\u00fan la UNESCO y UNICEF, los primeros seis a\u00f1os de vida son cruciales para el desarrollo de las inteligencias m\u00faltiples. La educaci\u00f3n en esta etapa no solo fomenta el desarrollo cognitivo, sino que tambi\u00e9n fortalece habilidades socioemocionales, motoras y ling\u00fc\u00edsticas.<\/p>\n\n\n\n<p>La educaci\u00f3n es la mejor inversi\u00f3n para la vida de una persona y el desarrollo de un estado.<\/p>\n\n\n\n<p>En Veracruz, debemos trabajar incansablemente para incrementar la matr\u00edcula escolar en todos los niveles educativos, empezando por la educaci\u00f3n inicial y preescolar. Esto no solo permitir\u00e1 que los j\u00f3venes veracruzanos alcancen su m\u00e1ximo potencial, sino que tambi\u00e9n sentar\u00e1 las bases para una sociedad m\u00e1s justa, pr\u00f3spera y segura.<\/p>\n\n\n\n<p>Con un estado mejor preparado, con j\u00f3venes m\u00e1s inteligentes, con mayores conocimientos, habilidades y aptitudes, podremos ser m\u00e1s competitivos. Habr\u00e1 m\u00e1s desarrollo econ\u00f3mico, m\u00e1s bienestar familiar y, por consecuencia, a mayor nivel de educaci\u00f3n, menor nivel de violencia.<\/p>\n\n\n\n<p>Estas cifras nos dan la oportunidad de generar un plan estrat\u00e9gico para que todos los ni\u00f1os vayan a la escuela. As\u00ed, nuestro talento veracruzano podr\u00e1 tener mejores ofertas de empleo, podr\u00e1 emprender, poner su propia empresa, y lograremos elevar el nivel de conocimiento, producci\u00f3n, riqueza y acabar con el rezago educativo, el analfabetismo y la pobreza.<\/p>\n\n\n\n<p>S\u00ed, hay soluci\u00f3n, y debemos empezar a actuar transformando a Veracruz, haciendo una gran alianza con la educaci\u00f3n.<\/p>\n\n\n\n<p>Veracruz tiene los planteles suficientes para atender, desde la educaci\u00f3n particular y p\u00fablica a todos los veracruzanos. En el nivel superior son m\u00e1s de 200 instituciones y 16 subsistemas de educaci\u00f3n media superior. Hay 25 tecnol\u00f3gicos del estado y una gran oferta educativa federal.<\/p>\n\n\n\n<p>Si invertimos en educaci\u00f3n, todos los veracruzanos podr\u00e1n leer las cartas de amor que les env\u00eden sus parejas, como podr\u00e1n escribirles a sus padres, hijos y tambi\u00e9n a sus seres amados.<\/p>\n\n\n\n<h1 class=\"wp-block-heading\">ParaSerMjores Yo los invito a dar lo mejor por la educaci\u00f3n.<\/h1>\n\n\n\n<p><\/p>\n","protected":false},"excerpt":{"rendered":"<p>\u00bfAlguna vez has querido hacer algo, pero no sab\u00edas c\u00f3mo hacerlo? Dr. Jerem\u00edas Z\u00fa\u00f1iga Mezano \u00bfC\u00f3mo te sentir\u00edas al querer hacer algo y no saber c\u00f3mo hacerlo? \u00bfMolesto? \u00bfFrustrado? \u00bfEnojado? Imagina que quisieras escribirle un mensaje de texto a tu hijo y no supieras c\u00f3mo hacerlo. O que tu pareja te enviara un mensaje y [&hellip;]<\/p>\n","protected":false},"author":48,"featured_media":66922,"comment_status":"open","ping_status":"open","sticky":false,"template":"","format":"standard","meta":{"_monsterinsights_skip_tracking":false,"_monsterinsights_sitenote_active":false,"_monsterinsights_sitenote_note":"","_monsterinsights_sitenote_category":0,"footnotes":""},"categories":[30211],"tags":[30229],"class_list":["post-154232","post","type-post","status-publish","format-standard","has-post-thumbnail","hentry","category-para-ser-mejores","tag-dr-jeremias-zuniga-mezano","wp-image-borders"],"amp_enabled":true,"_links":{"self":[{"href":"https:\/\/nvnoticias.mx\/index.php\/wp-json\/wp\/v2\/posts\/154232","targetHints":{"allow":["GET"]}}],"collection":[{"href":"https:\/\/nvnoticias.mx\/index.php\/wp-json\/wp\/v2\/posts"}],"about":[{"href":"https:\/\/nvnoticias.mx\/index.php\/wp-json\/wp\/v2\/types\/post"}],"author":[{"embeddable":true,"href":"https:\/\/nvnoticias.mx\/index.php\/wp-json\/wp\/v2\/users\/48"}],"replies":[{"embeddable":true,"href":"https:\/\/nvnoticias.mx\/index.php\/wp-json\/wp\/v2\/comments?post=154232"}],"version-history":[{"count":2,"href":"https:\/\/nvnoticias.mx\/index.php\/wp-json\/wp\/v2\/posts\/154232\/revisions"}],"predecessor-version":[{"id":154236,"href":"https:\/\/nvnoticias.mx\/index.php\/wp-json\/wp\/v2\/posts\/154232\/revisions\/154236"}],"wp:featuredmedia":[{"embeddable":true,"href":"https:\/\/nvnoticias.mx\/index.php\/wp-json\/wp\/v2\/media\/66922"}],"wp:attachment":[{"href":"https:\/\/nvnoticias.mx\/index.php\/wp-json\/wp\/v2\/media?parent=154232"}],"wp:term":[{"taxonomy":"category","embeddable":true,"href":"https:\/\/nvnoticias.mx\/index.php\/wp-json\/wp\/v2\/categories?post=154232"},{"taxonomy":"post_tag","embeddable":true,"href":"https:\/\/nvnoticias.mx\/index.php\/wp-json\/wp\/v2\/tags?post=154232"}],"curies":[{"name":"wp","href":"https:\/\/api.w.org\/{rel}","templated":true}]}}