{"id":154230,"date":"2024-07-11T10:54:41","date_gmt":"2024-07-11T16:54:41","guid":{"rendered":"https:\/\/nvnoticias.mx\/?p=154230"},"modified":"2024-07-11T10:54:43","modified_gmt":"2024-07-11T16:54:43","slug":"amlo-insiste-en-eliminar-organismos-autonomos","status":"publish","type":"post","link":"https:\/\/nvnoticias.mx\/index.php\/2024\/07\/11\/amlo-insiste-en-eliminar-organismos-autonomos\/","title":{"rendered":"AMLO insiste en eliminar organismos aut\u00f3nomos"},"content":{"rendered":"\n<p>El Presidente Andr\u00e9s Manuel L\u00f3pez Obrador insisti\u00f3 esta ma\u00f1ana en la eliminaci\u00f3n de los organismos aut\u00f3nomos, pues afirm\u00f3 que se ahorrar\u00edan alrededor de 100 mil millones de pesos al a\u00f1o.<\/p>\n\n\n\n<p>Desde Palacio Nacional, L\u00f3pez Obrador celebr\u00f3 que con Claudia Sheinbaum como Presidenta de M\u00e9xico siga la pol\u00edtica de austeridad republicana, aunque refiri\u00f3 que se necesita una \u201cbuena reforma administrativa\u201d para trasladar los organismos aut\u00f3nomos a las secretar\u00edas de Estado.<\/p>\n\n\n\n<blockquote class=\"wp-block-quote is-layout-flow wp-block-quote-is-layout-flow\">\n<p>\u201cQue la funci\u00f3n del Instituto [Nacional] de Transparencia [Acceso a la Informaci\u00f3n y Protecci\u00f3n de Datos Personales] pase a [la Secretar\u00eda de] Econom\u00eda; que el Instituto [Federal] de Comunicaciones pase a la Secretar\u00eda de Comunicaciones [y Transporte]; que todos los institutos organismos aut\u00f3nomos que tienen que ver con la industria el\u00e9ctrica, con Pemex, que pasen a la Comisi\u00f3n Federal de Electricidad, y que pasen a Pemex. Es que todo lo crearon cuando la idea central del Gobierno era privatizar, entonces necesitaban ese andamiaje administrativo para defender sus intereses\u201d, agreg\u00f3.<\/p>\n<\/blockquote>\n\n\n\n<p>El mandatario se\u00f1al\u00f3 que el Gobierno debe ser m\u00e1s eficaz y austero, y as\u00ed liberar el presupuesto para la inversi\u00f3n y los programas sociales que beneficien a la ciudadan\u00eda.<\/p>\n\n\n\n<blockquote class=\"wp-block-quote is-layout-flow wp-block-quote-is-layout-flow\">\n<p>\u201cYo celebro que se contin\u00fae con la pol\u00edtica de austeridad republicana. Es que el Gobierno no puede consumir tanto presupuesto. El Gobierno debe de ser eficaz y austero, no ensimismarse, es que antes el presupuesto todo se quedaba en el Gobierno y no se entregaba a la gente el presupuesto. Todo era para lo que se conoce como gasto corriente, no hab\u00eda inversi\u00f3n, no hab\u00eda presupuesto para el desarrollo, no hab\u00eda presupuesto para el bienestar del pueblo\u201d, indic\u00f3.<\/p>\n<\/blockquote>\n\n\n\n<p>Fuente: Sin Embargo<br>https:\/\/www.sinembargo.mx\/11-07-2024\/4524677<\/p>\n","protected":false},"excerpt":{"rendered":"<p>El Presidente Andr\u00e9s Manuel L\u00f3pez Obrador insisti\u00f3 esta ma\u00f1ana en la eliminaci\u00f3n de los organismos aut\u00f3nomos, pues afirm\u00f3 que se ahorrar\u00edan alrededor de 100 mil millones de pesos al a\u00f1o. Desde Palacio Nacional, L\u00f3pez Obrador celebr\u00f3 que con Claudia Sheinbaum como Presidenta de M\u00e9xico siga la pol\u00edtica de austeridad republicana, aunque refiri\u00f3 que se necesita [&hellip;]<\/p>\n","protected":false},"author":35,"featured_media":149918,"comment_status":"open","ping_status":"open","sticky":false,"template":"","format":"standard","meta":{"_monsterinsights_skip_tracking":false,"_monsterinsights_sitenote_active":false,"_monsterinsights_sitenote_note":"","_monsterinsights_sitenote_category":0,"footnotes":""},"categories":[158],"tags":[188,4474,162],"class_list":["post-154230","post","type-post","status-publish","format-standard","has-post-thumbnail","hentry","category-politica","tag-amlo","tag-organismos-autonomos","tag-portada","wp-image-borders"],"amp_enabled":true,"_links":{"self":[{"href":"https:\/\/nvnoticias.mx\/index.php\/wp-json\/wp\/v2\/posts\/154230","targetHints":{"allow":["GET"]}}],"collection":[{"href":"https:\/\/nvnoticias.mx\/index.php\/wp-json\/wp\/v2\/posts"}],"about":[{"href":"https:\/\/nvnoticias.mx\/index.php\/wp-json\/wp\/v2\/types\/post"}],"author":[{"embeddable":true,"href":"https:\/\/nvnoticias.mx\/index.php\/wp-json\/wp\/v2\/users\/35"}],"replies":[{"embeddable":true,"href":"https:\/\/nvnoticias.mx\/index.php\/wp-json\/wp\/v2\/comments?post=154230"}],"version-history":[{"count":1,"href":"https:\/\/nvnoticias.mx\/index.php\/wp-json\/wp\/v2\/posts\/154230\/revisions"}],"predecessor-version":[{"id":154231,"href":"https:\/\/nvnoticias.mx\/index.php\/wp-json\/wp\/v2\/posts\/154230\/revisions\/154231"}],"wp:featuredmedia":[{"embeddable":true,"href":"https:\/\/nvnoticias.mx\/index.php\/wp-json\/wp\/v2\/media\/149918"}],"wp:attachment":[{"href":"https:\/\/nvnoticias.mx\/index.php\/wp-json\/wp\/v2\/media?parent=154230"}],"wp:term":[{"taxonomy":"category","embeddable":true,"href":"https:\/\/nvnoticias.mx\/index.php\/wp-json\/wp\/v2\/categories?post=154230"},{"taxonomy":"post_tag","embeddable":true,"href":"https:\/\/nvnoticias.mx\/index.php\/wp-json\/wp\/v2\/tags?post=154230"}],"curies":[{"name":"wp","href":"https:\/\/api.w.org\/{rel}","templated":true}]}}