{"id":154225,"date":"2024-07-11T10:38:22","date_gmt":"2024-07-11T16:38:22","guid":{"rendered":"https:\/\/nvnoticias.mx\/?p=154225"},"modified":"2024-07-11T10:38:24","modified_gmt":"2024-07-11T16:38:24","slug":"se-enfria-inflacion-en-eu-en-junio-y-refuerza-apuesta-sobre-recorte-a-tasa-de-la-fed-este-ano","status":"publish","type":"post","link":"https:\/\/nvnoticias.mx\/index.php\/2024\/07\/11\/se-enfria-inflacion-en-eu-en-junio-y-refuerza-apuesta-sobre-recorte-a-tasa-de-la-fed-este-ano\/","title":{"rendered":"Se \u2018enfr\u00eda\u2019 inflaci\u00f3n en EU en junio y refuerza apuesta sobre recorte a tasa de la Fed este a\u00f1o"},"content":{"rendered":"\n<p>La inflaci\u00f3n en Estados Unidos se \u2018enfri\u00f3&#8217; de manera importante en junio, lo que da un nuevo impulso a la confianza de que la Reserva Federal recortar\u00e1 pronto su tasa de inter\u00e9s.<\/p>\n\n\n\n<p>El \u00edndice subyacente de precios al consumidor \u2013que excluye los costos de alimentos y energ\u00eda\u2013 subi\u00f3 un 0.1 por ciento frente a mayo, el menor avance desde agosto de 2021, seg\u00fan mostraron las cifras de la Oficina de Estad\u00edsticas Laborales. La medida interanual se ubic\u00f3 en 3.3 por ciento, tambi\u00e9n el ritmo m\u00e1s lento en m\u00e1s de tres a\u00f1os, seg\u00fan datos publicados este 11 de julio.<\/p>\n\n\n\n<p>Los economistas consideran que el \u00edndice de inflaci\u00f3n subyacente es un mejor indicador que el \u00edndice general. Esa medida cay\u00f3 0.1 por ciento respecto al mes anterior \u2014la primera baja desde el inicio de la pandemia, arrastrada por el abaratamiento de la gasolina\u2014 y se ubic\u00f3 en 3 por ciento en t\u00e9rminos interanuales.<\/p>\n\n\n\n<p>Las cifras se suman a la evidencia de que la inflaci\u00f3n ha reanudado su tendencia a la baja tras un repunte a principios de a\u00f1o, mientras que la actividad econ\u00f3mica en general parece ralentizarse. Tras un informe de la semana pasada que mostr\u00f3 un tercer mes consecutivo de aumento del desempleo, los datos deber\u00edan mantener a la Reserva Federal en la senda hacia un recorte a la tasa de inter\u00e9s en este a\u00f1o.<\/p>\n\n\n\n<p>En su comparecencia ante los legisladores esta semana, el presidente de la Reserva Federal, Jerome Powell, evit\u00f3 referirse a un posible cronograma de recortes de tasas e insisti\u00f3 en que la pol\u00edtica monetaria se guiar\u00e1 por los datos que vayan surgiendo.<\/p>\n\n\n\n<p>Los operadores pronostican que lo m\u00e1s probable era que la Fed baje la tasa de inter\u00e9s en septiembre, mientras que los futuros de las acciones y los bonos del Tesoro subieron.<\/p>\n\n\n\n<p>Fuente: El Financiero<br>https:\/\/www.elfinanciero.com.mx\/economia\/2024\/07\/11\/inflacion-en-eu-se-enfria-en-junio-y-refuerza-apuesta-sobre-recorte-a-tasa-de-la-fed-este-ano\/?outputType=amp<\/p>\n","protected":false},"excerpt":{"rendered":"<p>La inflaci\u00f3n en Estados Unidos se \u2018enfri\u00f3&#8217; de manera importante en junio, lo que da un nuevo impulso a la confianza de que la Reserva Federal recortar\u00e1 pronto su tasa de inter\u00e9s. El \u00edndice subyacente de precios al consumidor \u2013que excluye los costos de alimentos y energ\u00eda\u2013 subi\u00f3 un 0.1 por ciento frente a mayo, [&hellip;]<\/p>\n","protected":false},"author":35,"featured_media":93910,"comment_status":"open","ping_status":"open","sticky":false,"template":"","format":"standard","meta":{"_monsterinsights_skip_tracking":false,"_monsterinsights_sitenote_active":false,"_monsterinsights_sitenote_note":"","_monsterinsights_sitenote_category":0,"footnotes":""},"categories":[181],"tags":[183,2978],"class_list":["post-154225","post","type-post","status-publish","format-standard","has-post-thumbnail","hentry","category-internacional","tag-estados-unidos","tag-inflacion","wp-image-borders"],"amp_enabled":true,"_links":{"self":[{"href":"https:\/\/nvnoticias.mx\/index.php\/wp-json\/wp\/v2\/posts\/154225","targetHints":{"allow":["GET"]}}],"collection":[{"href":"https:\/\/nvnoticias.mx\/index.php\/wp-json\/wp\/v2\/posts"}],"about":[{"href":"https:\/\/nvnoticias.mx\/index.php\/wp-json\/wp\/v2\/types\/post"}],"author":[{"embeddable":true,"href":"https:\/\/nvnoticias.mx\/index.php\/wp-json\/wp\/v2\/users\/35"}],"replies":[{"embeddable":true,"href":"https:\/\/nvnoticias.mx\/index.php\/wp-json\/wp\/v2\/comments?post=154225"}],"version-history":[{"count":1,"href":"https:\/\/nvnoticias.mx\/index.php\/wp-json\/wp\/v2\/posts\/154225\/revisions"}],"predecessor-version":[{"id":154226,"href":"https:\/\/nvnoticias.mx\/index.php\/wp-json\/wp\/v2\/posts\/154225\/revisions\/154226"}],"wp:featuredmedia":[{"embeddable":true,"href":"https:\/\/nvnoticias.mx\/index.php\/wp-json\/wp\/v2\/media\/93910"}],"wp:attachment":[{"href":"https:\/\/nvnoticias.mx\/index.php\/wp-json\/wp\/v2\/media?parent=154225"}],"wp:term":[{"taxonomy":"category","embeddable":true,"href":"https:\/\/nvnoticias.mx\/index.php\/wp-json\/wp\/v2\/categories?post=154225"},{"taxonomy":"post_tag","embeddable":true,"href":"https:\/\/nvnoticias.mx\/index.php\/wp-json\/wp\/v2\/tags?post=154225"}],"curies":[{"name":"wp","href":"https:\/\/api.w.org\/{rel}","templated":true}]}}