{"id":153917,"date":"2024-07-08T10:07:19","date_gmt":"2024-07-08T16:07:19","guid":{"rendered":"https:\/\/nvnoticias.mx\/?p=153917"},"modified":"2024-07-08T10:07:20","modified_gmt":"2024-07-08T16:07:20","slug":"amlo-celebra-triunfo-de-la-izquierda-en-francia","status":"publish","type":"post","link":"https:\/\/nvnoticias.mx\/index.php\/2024\/07\/08\/amlo-celebra-triunfo-de-la-izquierda-en-francia\/","title":{"rendered":"AMLO celebra triunfo de la izquierda en Francia"},"content":{"rendered":"\n<p>Andr\u00e9s Manuel L\u00f3pez Obrador envi\u00f3 sus felicitaciones a Europa y al \u201cpueblo franc\u00e9s\u201d por el triunfo de la izquierda con el Nuevo Frente Popular (NFP).<\/p>\n\n\n\n<blockquote class=\"wp-block-quote is-layout-flow wp-block-quote-is-layout-flow\">\n<p>\u201cMe da mucho gusto por Europa, porque ya estaba empolvada con el conservadurismo y ahora es como un despertar, por eso lo celebro\u201d, dijo el presidente de M\u00e9xico.<\/p>\n<\/blockquote>\n\n\n\n<p>El NFP qued\u00f3 en primer lugar en las elecciones legislativas en Francia el domingo, con el mayor grupo parlamentario en la Asamblea Nacional, por lo que obtuvo entre 160 y 215 diputados, mientras que el bloque macronista logr\u00f3 de 150 a 180 y la ultraderecha de Marine Le Pen qued\u00f3 en tercera posici\u00f3n, con 115-152 esca\u00f1os.<\/p>\n\n\n\n<p>Tras esos resultados, el l\u00edder de la izquierda radical francesa, Jean-Luc M\u00e9lenchon, exigi\u00f3 al presidente franc\u00e9s, Emmanuel Macron, el nombramiento de un primer ministro de la alianza de izquierdas.<\/p>\n\n\n\n<p>Fuente: El <a href=\"https:\/\/www.elfinanciero.com.mx\/nacional\/2024\/07\/08\/amlo-mananera-temas-hoy-8-de-julio-2024-en-vivo\/?outputType=amp\" data-type=\"link\" data-id=\"https:\/\/www.elfinanciero.com.mx\/nacional\/2024\/07\/08\/amlo-mananera-temas-hoy-8-de-julio-2024-en-vivo\/?outputType=amp\">Financiero<\/a><br><\/p>\n","protected":false},"excerpt":{"rendered":"<p>Andr\u00e9s Manuel L\u00f3pez Obrador envi\u00f3 sus felicitaciones a Europa y al \u201cpueblo franc\u00e9s\u201d por el triunfo de la izquierda con el Nuevo Frente Popular (NFP). \u201cMe da mucho gusto por Europa, porque ya estaba empolvada con el conservadurismo y ahora es como un despertar, por eso lo celebro\u201d, dijo el presidente de M\u00e9xico. El NFP [&hellip;]<\/p>\n","protected":false},"author":35,"featured_media":153919,"comment_status":"open","ping_status":"open","sticky":false,"template":"","format":"standard","meta":{"_monsterinsights_skip_tracking":false,"_monsterinsights_sitenote_active":false,"_monsterinsights_sitenote_note":"","_monsterinsights_sitenote_category":0,"footnotes":""},"categories":[158],"tags":[188,2838,1056,7440],"class_list":["post-153917","post","type-post","status-publish","format-standard","has-post-thumbnail","hentry","category-politica","tag-amlo","tag-europa","tag-francia","tag-izquierda","wp-image-borders"],"amp_enabled":true,"_links":{"self":[{"href":"https:\/\/nvnoticias.mx\/index.php\/wp-json\/wp\/v2\/posts\/153917","targetHints":{"allow":["GET"]}}],"collection":[{"href":"https:\/\/nvnoticias.mx\/index.php\/wp-json\/wp\/v2\/posts"}],"about":[{"href":"https:\/\/nvnoticias.mx\/index.php\/wp-json\/wp\/v2\/types\/post"}],"author":[{"embeddable":true,"href":"https:\/\/nvnoticias.mx\/index.php\/wp-json\/wp\/v2\/users\/35"}],"replies":[{"embeddable":true,"href":"https:\/\/nvnoticias.mx\/index.php\/wp-json\/wp\/v2\/comments?post=153917"}],"version-history":[{"count":1,"href":"https:\/\/nvnoticias.mx\/index.php\/wp-json\/wp\/v2\/posts\/153917\/revisions"}],"predecessor-version":[{"id":153918,"href":"https:\/\/nvnoticias.mx\/index.php\/wp-json\/wp\/v2\/posts\/153917\/revisions\/153918"}],"wp:featuredmedia":[{"embeddable":true,"href":"https:\/\/nvnoticias.mx\/index.php\/wp-json\/wp\/v2\/media\/153919"}],"wp:attachment":[{"href":"https:\/\/nvnoticias.mx\/index.php\/wp-json\/wp\/v2\/media?parent=153917"}],"wp:term":[{"taxonomy":"category","embeddable":true,"href":"https:\/\/nvnoticias.mx\/index.php\/wp-json\/wp\/v2\/categories?post=153917"},{"taxonomy":"post_tag","embeddable":true,"href":"https:\/\/nvnoticias.mx\/index.php\/wp-json\/wp\/v2\/tags?post=153917"}],"curies":[{"name":"wp","href":"https:\/\/api.w.org\/{rel}","templated":true}]}}