{"id":153910,"date":"2024-07-08T09:38:04","date_gmt":"2024-07-08T15:38:04","guid":{"rendered":"https:\/\/nvnoticias.mx\/?p=153910"},"modified":"2024-07-08T09:38:06","modified_gmt":"2024-07-08T15:38:06","slug":"promete-amlo-recuento-de-los-jueces-que-han-ordenado-liberar-delincuentes-en-viernes-por-la-noche","status":"publish","type":"post","link":"https:\/\/nvnoticias.mx\/index.php\/2024\/07\/08\/promete-amlo-recuento-de-los-jueces-que-han-ordenado-liberar-delincuentes-en-viernes-por-la-noche\/","title":{"rendered":"Promete AMLO recuento de los jueces que han ordenado liberar \u2018delincuentes\u2019 en viernes por la noche"},"content":{"rendered":"\n<p>En la conferencia matutina de este lunes 8 de julio, el presidente Andr\u00e9s Manuel L\u00f3pez Obrador arremeti\u00f3 nuevamente en contra del Poder Judicial de la Federaci\u00f3n (PJF) al asegurar que est\u00e1 al servicio de la delincuencia organizada pero tambi\u00e9n de los criminales de \u201ccuello blanco\u201d.<\/p>\n\n\n\n<p>Asimismo, el mandatario justific\u00f3 su reforma al Poder Judicial que est\u00e1 pendiente de aprobaci\u00f3n asegurando que los jueces suelen incurrir en pr\u00e1cticas deshonestas como ordenar la \u201cliberaci\u00f3n de delincuentes\u201d la tarde o noche del viernes, \u201cel cl\u00e1sico sabazado\u201d, dijo L\u00f3pez Obrador.<\/p>\n\n\n\n<blockquote class=\"wp-block-quote is-layout-flow wp-block-quote-is-layout-flow\">\n<p>\u201cDeber\u00eda de prohibirse que los jueces ordenen la salida de delincuentes los viernes por la tarde-noche (\u2026) C\u00f3mo vamos a estar en estos tiempos todav\u00eda con los sabadazos\u201d, reiter\u00f3 el mandatario.<\/p>\n<\/blockquote>\n\n\n\n<p>Ante este panorama, anunci\u00f3 que presentar\u00e1 un recuento de todas aquellas personas juzgadoras que han ordenado que \u201clos delincuentes\u201d salgan de prisi\u00f3n esos d\u00edas cuando baja toda actividad y las personas no est\u00e1n del todo pendientes de la vida p\u00fablica del pa\u00eds.<\/p>\n\n\n\n<p>De hecho, es importante mencionar que en la conferencia ma\u00f1anera de AMLO se cuenta con una secci\u00f3n que no s\u00f3lo exhibe a los jueces que han ordenado liberar a personajes relacionados con el crimen organizado o con delitos de alto impacto, sino tambi\u00e9n a aquellos que les han otorgado amparos, retrasando as\u00ed los procesos judiciales abiertos en su contra.<\/p>\n\n\n\n<p>Fuente: <a href=\"https:\/\/www.infobae.com\/mexico\/2024\/07\/08\/amlo-promete-recuento-de-los-jueces-que-han-ordenado-liberar-delincuentes-en-viernes-por-la-noche-el-clasico-sabadazo\/\" data-type=\"link\" data-id=\"https:\/\/www.infobae.com\/mexico\/2024\/07\/08\/amlo-promete-recuento-de-los-jueces-que-han-ordenado-liberar-delincuentes-en-viernes-por-la-noche-el-clasico-sabadazo\/\">Infobae<\/a><br><\/p>\n","protected":false},"excerpt":{"rendered":"<p>En la conferencia matutina de este lunes 8 de julio, el presidente Andr\u00e9s Manuel L\u00f3pez Obrador arremeti\u00f3 nuevamente en contra del Poder Judicial de la Federaci\u00f3n (PJF) al asegurar que est\u00e1 al servicio de la delincuencia organizada pero tambi\u00e9n de los criminales de \u201ccuello blanco\u201d. Asimismo, el mandatario justific\u00f3 su reforma al Poder Judicial que [&hellip;]<\/p>\n","protected":false},"author":35,"featured_media":108635,"comment_status":"open","ping_status":"open","sticky":false,"template":"","format":"standard","meta":{"_monsterinsights_skip_tracking":false,"_monsterinsights_sitenote_active":false,"_monsterinsights_sitenote_note":"","_monsterinsights_sitenote_category":0,"footnotes":""},"categories":[158],"tags":[188,5401,162,5801],"class_list":["post-153910","post","type-post","status-publish","format-standard","has-post-thumbnail","hentry","category-politica","tag-amlo","tag-jueces","tag-portada","tag-recuento","wp-image-borders"],"amp_enabled":true,"_links":{"self":[{"href":"https:\/\/nvnoticias.mx\/index.php\/wp-json\/wp\/v2\/posts\/153910","targetHints":{"allow":["GET"]}}],"collection":[{"href":"https:\/\/nvnoticias.mx\/index.php\/wp-json\/wp\/v2\/posts"}],"about":[{"href":"https:\/\/nvnoticias.mx\/index.php\/wp-json\/wp\/v2\/types\/post"}],"author":[{"embeddable":true,"href":"https:\/\/nvnoticias.mx\/index.php\/wp-json\/wp\/v2\/users\/35"}],"replies":[{"embeddable":true,"href":"https:\/\/nvnoticias.mx\/index.php\/wp-json\/wp\/v2\/comments?post=153910"}],"version-history":[{"count":1,"href":"https:\/\/nvnoticias.mx\/index.php\/wp-json\/wp\/v2\/posts\/153910\/revisions"}],"predecessor-version":[{"id":153911,"href":"https:\/\/nvnoticias.mx\/index.php\/wp-json\/wp\/v2\/posts\/153910\/revisions\/153911"}],"wp:featuredmedia":[{"embeddable":true,"href":"https:\/\/nvnoticias.mx\/index.php\/wp-json\/wp\/v2\/media\/108635"}],"wp:attachment":[{"href":"https:\/\/nvnoticias.mx\/index.php\/wp-json\/wp\/v2\/media?parent=153910"}],"wp:term":[{"taxonomy":"category","embeddable":true,"href":"https:\/\/nvnoticias.mx\/index.php\/wp-json\/wp\/v2\/categories?post=153910"},{"taxonomy":"post_tag","embeddable":true,"href":"https:\/\/nvnoticias.mx\/index.php\/wp-json\/wp\/v2\/tags?post=153910"}],"curies":[{"name":"wp","href":"https:\/\/api.w.org\/{rel}","templated":true}]}}