{"id":153893,"date":"2024-07-08T09:20:17","date_gmt":"2024-07-08T15:20:17","guid":{"rendered":"https:\/\/nvnoticias.mx\/?p=153893"},"modified":"2024-07-08T09:20:19","modified_gmt":"2024-07-08T15:20:19","slug":"perros-de-asistencia-y-de-terapia","status":"publish","type":"post","link":"https:\/\/nvnoticias.mx\/index.php\/2024\/07\/08\/perros-de-asistencia-y-de-terapia\/","title":{"rendered":"Perros de asistencia y de terapia"},"content":{"rendered":"\n<p><\/p>\n\n\n\n<p><strong>Gladys P\u00e9rez Maldonado<\/strong><\/p>\n\n\n\n<p>Otro de los grupos de atenci\u00f3n prioritaria en el que se debe poner especial atenci\u00f3n es el de las personas con discapacidad.<\/p>\n\n\n\n<p>&nbsp;La discapacidad se caracteriza por limitaciones para el desempe\u00f1o de una actividad rutinaria considerada regular, las cuales pueden ser temporales o permanentes, reversibles o surgir como consecuencia directa de deficiencias f\u00edsicas, sensoriales, de secuela de enfermedades o por eventos traum\u00e1ticos con motivo de un accidente.<\/p>\n\n\n\n<p>El n\u00famero de personas con discapacidad en M\u00e9xico va en aumento debido al envejecimiento de la poblaci\u00f3n y el incremento de enfermedades cr\u00f3nicas. De acuerdo con el Censo de Poblaci\u00f3n y Vivienda 2020 -consultable en la p\u00e1gina oficial <a href=\"http:\/\/www.inegi.org.mx\">www.inegi.org.mx<\/a> &#8211; en M\u00e9xico hay&nbsp; 21 millones de personas con alg\u00fan tipo de discapacidad o limitaci\u00f3n, equivalente al 16.5% de la poblaci\u00f3n total del pa\u00eds.<\/p>\n\n\n\n<p>En esta emisi\u00f3n, trataremos el tema -poco explorado en nuestro pa\u00eds- de los <em>perros de<\/em> <em>asistencia<\/em> y <em>perros de<\/em> <em>terapia<\/em>.<\/p>\n\n\n\n<p>Hasta el d\u00eda de hoy, existe desconocimiento en la mayor\u00eda de las personas en torno a las diferentes funciones que realizan estos canes, de tal forma que los llegan a considerar como perros mascotas, lo cual dista de toda realidad.<\/p>\n\n\n\n<p>En nuestro pa\u00eds no se ha fortalecido una cultura de respeto, reconocimiento y difusi\u00f3n a la incondicional e importante funci\u00f3n que <em>los perros de asistencia y los perros de terapia<\/em> llevan a cabo a favor de las personas con discapacidad.<\/p>\n\n\n\n<p>La indiferencia por parte de las autoridades es tal, que se advierte en la poca o nula legislaci\u00f3n que existe para regular la presencia de estos canes en la vida p\u00fablica, aun cuando, M\u00e9xico desde marzo de 2007 ratific\u00f3 la Convenci\u00f3n Internacional sobre los Derechos de las Personas con Discapacidad, aprobada por las Naciones Unidas en 2006 y se comprometi\u00f3 a proporcionar un trato digno en el marco de los derechos humanos a la poblaci\u00f3n que vive con una discapacidad.<\/p>\n\n\n\n<p>&nbsp;Es triste reconocer que en la mayor\u00eda de las ocasiones el binomio usuario-perro de asistencia y\/o usuario-perro de terapia son objeto de discriminaci\u00f3n al prohib\u00edrseles la entrada a las instalaciones de un hospital, centro comercial, restaurante, transporte p\u00fablico y escuelas p\u00fablicas o privadas, por mencionar algunos lugares.<\/p>\n\n\n\n<p>En M\u00e9xico, cada vez es m\u00e1s necesaria una ley donde se establezcan los derechos y obligaciones, as\u00ed como un contundente sistema de sanciones que en el caso de los binomios, se proteja su derecho constitucional a desplazarse libremente en todo el pa\u00eds, sin restricci\u00f3n alguna.<\/p>\n\n\n\n<p>Ante esta situaci\u00f3n, Jenny Arag\u00f3n Leyva, experta en Intervenciones Asistidas con Animales y Mar\u00eda Concepci\u00f3n Hern\u00e1ndez Gayt\u00e1n, usuaria de <em>perro de asistencia <\/em>y activista social, decidieron trabajar en conjunto, con el \u00fanico prop\u00f3sito de coadyuvar desde su trinchera en el esclarecimiento del tema de manera seria y profesional, pues son escasas las iniciativas legislativas que abordan la situaci\u00f3n actual de <em>los perros de asistencia y de los perros de terapia<\/em>, aunque, en nuestra Carta Magna se protege el libre desplazamiento de las personas con discapacidad, as\u00ed como el recibir un trato digno e igualitario como el de cualquier ciudadano mexicano, se\u00f1alan se observa un desinter\u00e9s por este tema.<\/p>\n\n\n\n<p>Arag\u00f3n Leyva y Hern\u00e1ndez Gayt\u00e1n instan a la creaci\u00f3n de una legislaci\u00f3n integral que contemple, por primera vez, adem\u00e1s de los derechos y obligaciones de los usuarios, un sistema de sanciones, estableciendo las facultades y responsabilidades de las escuelas o centros de entrenamiento, las asociaciones civiles, instituciones de salud, adiestradores, et\u00f3logos, m\u00e9dicos veterinarios, cuidadores, tutores, autoridades de gobierno y dem\u00e1s personas involucradas en el proceso de formaci\u00f3n y desarrollo del trabajo de estos canes, para evitar charlataner\u00edas en el tema.<\/p>\n\n\n\n<p>El tema de <em>los perros de asistencia<\/em> es tratado en la legislaci\u00f3n mexicana en algunas leyes de manera limitativa , como en la Ley General de Inclusi\u00f3n para las Personas con Discapacidad que menciona \u00fanicamente a los perros gu\u00eda o animales de servicio o como en la Ley Federal de Protecci\u00f3n al Consumidor, que solo hace referencia de los usuarios de los perros gu\u00eda.<\/p>\n\n\n\n<p>Es importante mencionar, que la Secretar\u00eda de Comunicaciones y Transporte dio a conocer la Circular Obligatoria SA-09.2\/19 publicada en el Diario Oficial de la Federaci\u00f3n el 20 de noviembre de 2013, a\u00fan vigente, en donde se proporcionan los lineamientos para la accesibilidad de las personas con discapacidad y\/o movilidad reducida a las infraestructuras aeroportuarias y al servicio de transporte a\u00e9reo, en la que se hace menci\u00f3n de los perros gu\u00eda o animal de servicio y los animales de apoyo emocional o psiqui\u00e1trico.<\/p>\n\n\n\n<p>En cuanto a <em>los perros de terapia <\/em>solo se mencionan en la Ley General de Salud.<\/p>\n\n\n\n<p>En la realidad existen muchos mitos en cuanto al servicio de <em>un perro de asistencia y un perro de terapia, <\/em>se considera que es un servicio caro y poco accesible para la mayor\u00eda de las personas que viven con una discapacidad, sin embargo, es importante que las personas interesadas se acerquen a instituciones certificadas para allegarse de informaci\u00f3n, pues estos canes no tienen costo alguno, son dados en comodato por ocho a\u00f1os, previo a un estudio socio econ\u00f3mico y el usuario se compromete al pago de su manutenci\u00f3n y compra de los aditamentos necesarios para realizar su trabajo, en la mayor\u00eda de los casos.<\/p>\n\n\n\n<p>Cada <em>perro de asistencia y\/o terapia <\/em>es entrenado para cumplir labores espec\u00edficas, las que dependen de cada persona discapacitada, por ejemplo, una persona con movilidad limitada podr\u00e1 beneficiarse con un perro capaz de abrir cajones, se\u00f1alar objetos con la nariz, llevar cosas, prender y apagar la luz. El entrenamiento de un can puede durar entre seis meses y dos a\u00f1os, dependiendo del grado de especializaci\u00f3n que requiera el usuario final.<\/p>\n\n\n\n<p>Los canes son adiestrados en diversas disciplinas como <em>perros gu\u00eda<\/em>, que apoyan a personas con discapacidad visual;\u00a0 <em>perros se\u00f1al<\/em>, para apoyar a personas con discapacidad auditiva; <em>perros de servicio<\/em>, que auxilian a ni\u00f1as y ni\u00f1os con autismo; <em>perros de alerta m\u00e9dica<\/em>, entrenados para apoyar, en caso de emergencia a quienes tienen una condici\u00f3n m\u00e9dica como diabetes o epilepsia, que prev\u00e9n en caso de que est\u00e9 por ocurrir un ataque con motivo del padecimiento y <em>perros de rehabilitaci\u00f3n<\/em>, que brindan acompa\u00f1amiento y apoyo a personas con discapacidad o a personas que se encuentran en tratamiento m\u00e9dico, entre otros.<\/p>\n\n\n\n<p><em>Los perros de asistencia y los perros de terapia<\/em> son un elemento esencial para que ciertas personas con discapacidad puedan disfrutar de sus derechos,&nbsp; tenemos la obligaci\u00f3n como sociedad de hacer los ajustes razonables para que puedan desarrollarse en plenitud.&nbsp; Tener una discapacidad no debe limitar la libertad del Ser Humano\u2026<\/p>\n","protected":false},"excerpt":{"rendered":"<p>Gladys P\u00e9rez Maldonado Otro de los grupos de atenci\u00f3n prioritaria en el que se debe poner especial atenci\u00f3n es el de las personas con discapacidad. &nbsp;La discapacidad se caracteriza por limitaciones para el desempe\u00f1o de una actividad rutinaria considerada regular, las cuales pueden ser temporales o permanentes, reversibles o surgir como consecuencia directa de deficiencias [&hellip;]<\/p>\n","protected":false},"author":45,"featured_media":153903,"comment_status":"open","ping_status":"open","sticky":false,"template":"","format":"standard","meta":{"_monsterinsights_skip_tracking":false,"_monsterinsights_sitenote_active":false,"_monsterinsights_sitenote_note":"","_monsterinsights_sitenote_category":0,"footnotes":""},"categories":[15405],"tags":[15415],"class_list":["post-153893","post","type-post","status-publish","format-standard","has-post-thumbnail","hentry","category-alguien-como-tu","tag-gladys-perez-maldonado","wp-image-borders"],"amp_enabled":true,"_links":{"self":[{"href":"https:\/\/nvnoticias.mx\/index.php\/wp-json\/wp\/v2\/posts\/153893","targetHints":{"allow":["GET"]}}],"collection":[{"href":"https:\/\/nvnoticias.mx\/index.php\/wp-json\/wp\/v2\/posts"}],"about":[{"href":"https:\/\/nvnoticias.mx\/index.php\/wp-json\/wp\/v2\/types\/post"}],"author":[{"embeddable":true,"href":"https:\/\/nvnoticias.mx\/index.php\/wp-json\/wp\/v2\/users\/45"}],"replies":[{"embeddable":true,"href":"https:\/\/nvnoticias.mx\/index.php\/wp-json\/wp\/v2\/comments?post=153893"}],"version-history":[{"count":1,"href":"https:\/\/nvnoticias.mx\/index.php\/wp-json\/wp\/v2\/posts\/153893\/revisions"}],"predecessor-version":[{"id":153904,"href":"https:\/\/nvnoticias.mx\/index.php\/wp-json\/wp\/v2\/posts\/153893\/revisions\/153904"}],"wp:featuredmedia":[{"embeddable":true,"href":"https:\/\/nvnoticias.mx\/index.php\/wp-json\/wp\/v2\/media\/153903"}],"wp:attachment":[{"href":"https:\/\/nvnoticias.mx\/index.php\/wp-json\/wp\/v2\/media?parent=153893"}],"wp:term":[{"taxonomy":"category","embeddable":true,"href":"https:\/\/nvnoticias.mx\/index.php\/wp-json\/wp\/v2\/categories?post=153893"},{"taxonomy":"post_tag","embeddable":true,"href":"https:\/\/nvnoticias.mx\/index.php\/wp-json\/wp\/v2\/tags?post=153893"}],"curies":[{"name":"wp","href":"https:\/\/api.w.org\/{rel}","templated":true}]}}