{"id":153890,"date":"2024-07-08T09:02:50","date_gmt":"2024-07-08T15:02:50","guid":{"rendered":"https:\/\/nvnoticias.mx\/?p=153890"},"modified":"2024-07-08T09:17:08","modified_gmt":"2024-07-08T15:17:08","slug":"la-peor-semana-de-la-oposicion","status":"publish","type":"post","link":"https:\/\/nvnoticias.mx\/index.php\/2024\/07\/08\/la-peor-semana-de-la-oposicion\/","title":{"rendered":"La peor semana de la oposici\u00f3n"},"content":{"rendered":"\n<p><\/p>\n\n\n\n<p><strong>Edgard Gonz\u00e1lez Su\u00e1rez<\/strong><\/p>\n\n\n\n<p>La semana pasada fue en los hechos la peor semana para la oposici\u00f3n pol\u00edtica al r\u00e9gimen de la 4T, y no me refiero a los intentos y chicanadas jur\u00eddicas que pretendieron hacer para boicotear la representaci\u00f3n plurinominal de morena en el Congreso, ni al intento fallido para obligar al tribunal electoral de la federaci\u00f3n a integrar o incorporar a los miembros que hacen falta. No, esas acciones pol\u00edticas, disfrazadas de jur\u00eddicas, simplemente fracasaron.<\/p>\n\n\n\n<p>Me refiero a por lo menos 4 eventos que marcaron no solo la derrota pol\u00edtica de la oposici\u00f3n sino su derrota ideol\u00f3gica y estrat\u00e9gica. Veamos.<\/p>\n\n\n\n<blockquote class=\"wp-block-quote is-layout-flow wp-block-quote-is-layout-flow\">\n<p>1) Pudimos presenciar en redes sociales el enorme diferendo pol\u00edtico entre el calderonismo (Javier Lozano) y el creelismo (Marko Cort\u00e9s) por llegar a determinar las causas de la derrota pol\u00edtica del PAN el pasado 2 de junio, y en la declarada batalla por la dirigencia del PAN, se colocar\u00e1n por lo menos a tres l\u00edneas ideol\u00f3gicas dentro de ese partido: a) el pragmatismo ideol\u00f3gico ligado a las empresas transnacionales -espa\u00f1olas principalmente- que defienden a capa y espada los Calderonistas; b) El principismo democr\u00e1tico-conservador, defensor de la democracia liberal y los valores tradicionales como la familia, la propiedad privada y la meritocracia bien educada, que ahora representa Marko Cort\u00e9s y Santiago Creel, y c) los reformistas de centro derecha que ven al partido metido en un embrollo ideol\u00f3gico y estrat\u00e9gico al ser incapaz de ciudadanizarse y acercarse declarada y activamente a las visiones distribucionistas de la izquierda pero sin romper con la democracia liberal, encabezados principalmente por Dami\u00e1n Zepeda.<\/p>\n<\/blockquote>\n\n\n\n<p>Las peleas en foros, reuniones y redes de estas visiones, solo deja en claro que la disputa es por tomar las riendas del partido y la organizaci\u00f3n de la militancia decepcionada y derrotada en la elecci\u00f3n federal. Se dieron con todo, y por lo visto, no hay punto de acuerdo, no hay consensos, la dirigencia del PAN seguir\u00e1 estando en manos de Marko Cort\u00e9s y su camarilla.<\/p>\n\n\n\n<blockquote class=\"wp-block-quote is-layout-flow wp-block-quote-is-layout-flow\">\n<p>2) Por el lado del PRI, la cosa no mejora, su presidente nacional, Alejandro Moreno C\u00e1rdenas, convoc\u00f3 con toda premura, cuando los nuevos legisladores aun no toman posesi\u00f3n, a una asamblea nacional para reformar los estatutos e incluir la posibilidad de que la dirigencia actual del PRI se pueda perpetuar en el poder hasta en tres ocasiones consecutivas. Por estas maniobras, alrededor del PRI, figuras nacionales de ese partido, como Beatriz Paredes, Manlio Fabio Beltrones y Dulce Ma. Sauri, se declararon pr\u00e1cticamente en rebeld\u00eda, y cuestionaron el perfil reeleccionista del nuevo PRI que encabezar\u00eda nada m\u00e1s y nada menos que el mismo \u201cAlito\u201d Moreno. Reeleccionistas vs Anti reeleccionistas en el PRI.<\/p>\n<\/blockquote>\n\n\n\n<p>Nuevamente, lo que podemos observar es que no hay autocritica, no hay un balance de la elecci\u00f3n y su derrota, no hay un ejercicio de mejora de las condiciones de organizaci\u00f3n de ese partido, ni de su programa, ni de sus principios. Lo que hay es una burda y simple lucha por el control pol\u00edtico de esa organizaci\u00f3n. La derrota anunciada de los antirreeleccionistas esta m\u00e1s que cantada.<\/p>\n\n\n\n<blockquote class=\"wp-block-quote is-layout-flow wp-block-quote-is-layout-flow\">\n<p>3) X\u00f3chitl Galv\u00e9z, quien nadie le ha dicho que perdi\u00f3 la elecci\u00f3n, nadie le ha dicho que los partidos de su alianza se burlaron de ella, nadie le ha dicho que todos la enga\u00f1aron y ella se dej\u00f3 enga\u00f1ar, nadie le ha dicho que su campa\u00f1a solo sirvi\u00f3 para que latinus, Azucena Uresti, Anabel Hern\u00e1ndez, Massive Caller y otros anexos, se empacaran millones de pesos de su campa\u00f1a, y nadie le ha dicho que saliendo del senado regresar\u00e1 a vender Gelatinas. Impugn\u00f3 la elecci\u00f3n presidencial, mando miles de links, donde se \u201cdemuestra\u201d la intromisi\u00f3n presidencial y una copia del libro de Anabel Hern\u00e1ndez para probar que s\u00ed hay un \u201cnarco presidente\u201d y una \u201cnarco presidenta electa\u201d. Se impugno por oficio, se cit\u00f3 a los magistrados, se cit\u00f3 a la denunciante y simplemente no lleg\u00f3. Les dej\u00f3 la papeler\u00eda y nunca lleg\u00f3 a la comparecencia.<\/p>\n<\/blockquote>\n\n\n\n<blockquote class=\"wp-block-quote is-layout-flow wp-block-quote-is-layout-flow\">\n<p>4) Y para terminar la semana, por el lado del extinto PRD, sus cuadros m\u00e1s conspicuos, Jos\u00e9 \u00c1lvarez de Icaza y Guadalupe Acosta Naranjo, convocaron a la sociedad civil -y a lo que ellos llaman la marea rosa- a una reuni\u00f3n nacional, el s\u00e1bado pasado, en la ciudad de M\u00e9xico, a la que solo asistieron no m\u00e1s de 1500 personas y donde se repitieron las mismas consignas, las mismas frases hechas, las mismas acusaciones al obradorismo, y sobre todo, la misma l\u00ednea pol\u00edtico-ideol\u00f3gica que los hizo fracasar: En el pa\u00eds todo lo que se ha hecho, esta mal, hubo una elecci\u00f3n de estado y vamos hacia una dictadura.<\/p>\n<\/blockquote>\n\n\n\n<p>La oposici\u00f3n no sabe que hacer, titule un macroscopio de hace unas semanas, haciendo alusi\u00f3n a que la oposici\u00f3n ni las placas de Torton que la hab\u00eda arrollado pudo retener. En efecto, la oposici\u00f3n mal y de malas, la semana pasada, y as\u00ed llevan todo el mes. No quieren reconocer su fracaso, por que tienen que reconocer que la fuerza arrolladora de la 4T no empez\u00f3 el 2018, tienen que reconocer que esos partidos y esos lideres pol\u00edticos fueron los puntales para que la extracci\u00f3n m\u00e1s abyecta que se tenga memoria en el pa\u00eds se haya realizado. Esos partidos convalidaron la corrupci\u00f3n, el crimen, la deforestaci\u00f3n, la venta de los recursos energ\u00e9ticos, la venta de CFE, la sumisi\u00f3n de PEMEX, la congelaci\u00f3n del salario, la destrucci\u00f3n del sistema de salud y el de la educaci\u00f3n, y el control del narcotr\u00e1fico en el pa\u00eds.<\/p>\n\n\n\n<p>De seguir as\u00ed, tendr\u00e1n 4T otros tres sexenios m\u00e1s.<\/p>\n","protected":false},"excerpt":{"rendered":"<p>Edgard Gonz\u00e1lez Su\u00e1rez La semana pasada fue en los hechos la peor semana para la oposici\u00f3n pol\u00edtica al r\u00e9gimen de la 4T, y no me refiero a los intentos y chicanadas jur\u00eddicas que pretendieron hacer para boicotear la representaci\u00f3n plurinominal de morena en el Congreso, ni al intento fallido para obligar al tribunal electoral de [&hellip;]<\/p>\n","protected":false},"author":26,"featured_media":153891,"comment_status":"open","ping_status":"open","sticky":false,"template":"","format":"standard","meta":{"_monsterinsights_skip_tracking":false,"_monsterinsights_sitenote_active":false,"_monsterinsights_sitenote_note":"","_monsterinsights_sitenote_category":0,"footnotes":""},"categories":[242],"tags":[702],"class_list":["post-153890","post","type-post","status-publish","format-standard","has-post-thumbnail","hentry","category-macroscopio","tag-edgard-gonzalez-suarez","wp-image-borders"],"amp_enabled":true,"_links":{"self":[{"href":"https:\/\/nvnoticias.mx\/index.php\/wp-json\/wp\/v2\/posts\/153890","targetHints":{"allow":["GET"]}}],"collection":[{"href":"https:\/\/nvnoticias.mx\/index.php\/wp-json\/wp\/v2\/posts"}],"about":[{"href":"https:\/\/nvnoticias.mx\/index.php\/wp-json\/wp\/v2\/types\/post"}],"author":[{"embeddable":true,"href":"https:\/\/nvnoticias.mx\/index.php\/wp-json\/wp\/v2\/users\/26"}],"replies":[{"embeddable":true,"href":"https:\/\/nvnoticias.mx\/index.php\/wp-json\/wp\/v2\/comments?post=153890"}],"version-history":[{"count":9,"href":"https:\/\/nvnoticias.mx\/index.php\/wp-json\/wp\/v2\/posts\/153890\/revisions"}],"predecessor-version":[{"id":153902,"href":"https:\/\/nvnoticias.mx\/index.php\/wp-json\/wp\/v2\/posts\/153890\/revisions\/153902"}],"wp:featuredmedia":[{"embeddable":true,"href":"https:\/\/nvnoticias.mx\/index.php\/wp-json\/wp\/v2\/media\/153891"}],"wp:attachment":[{"href":"https:\/\/nvnoticias.mx\/index.php\/wp-json\/wp\/v2\/media?parent=153890"}],"wp:term":[{"taxonomy":"category","embeddable":true,"href":"https:\/\/nvnoticias.mx\/index.php\/wp-json\/wp\/v2\/categories?post=153890"},{"taxonomy":"post_tag","embeddable":true,"href":"https:\/\/nvnoticias.mx\/index.php\/wp-json\/wp\/v2\/tags?post=153890"}],"curies":[{"name":"wp","href":"https:\/\/api.w.org\/{rel}","templated":true}]}}