{"id":153654,"date":"2024-07-04T18:11:22","date_gmt":"2024-07-05T00:11:22","guid":{"rendered":"https:\/\/nvnoticias.mx\/?p=153654"},"modified":"2024-07-04T18:11:23","modified_gmt":"2024-07-05T00:11:23","slug":"acusan-a-futbolista-de-cruz-azul-de-as3sin4r-a-su-hermana","status":"publish","type":"post","link":"https:\/\/nvnoticias.mx\/index.php\/2024\/07\/04\/acusan-a-futbolista-de-cruz-azul-de-as3sin4r-a-su-hermana\/","title":{"rendered":"Acusan a futbolista de Cruz Azul de as3sin4r a su hermana"},"content":{"rendered":"\n<p><\/p>\n\n\n\n<p>Hace unos d\u00edas, se dio a conocer que el asesinato&nbsp;a balazos de Paola Salcedo, la hermana mayor del futbolista mexicano Carlos &#8216;N&#8217;.<\/p>\n\n\n\n<p>Ahora,&nbsp;Mar\u00eda Isabel Hern\u00e1ndez Navarro quien es mam\u00e1 de ambos, acus\u00f3 a su hijo y esposa de ser los autores del crimen.<\/p>\n\n\n\n<p>Adem\u00e1s, la se\u00f1ora asegura que la raz\u00f3n principal por la cual el exseleccionado&nbsp;mexicano quiere dejar Cruz Azul y emigrar a otro pa\u00eds, es por presuntamente huir de M\u00e9xico.&nbsp;<\/p>\n\n\n\n<blockquote class=\"wp-block-quote is-layout-flow wp-block-quote-is-layout-flow\">\n<p>\u201c<em>La raz\u00f3n real\u00a0por la que\u00a0Carlos Salcedo\u00a0se quiere ir del pa\u00eds, es porque \u00e9l y su esposa Andrea Navarro\u00a0son los autores intelectuales del asesinato\u00a0de\u00a0Paola<\/em>\u201d, public\u00f3 a trav\u00e9s de las historias de Instagram.<\/p>\n<\/blockquote>\n\n\n\n<p>Cabe mencionar que\u00a0la hermana del futbolista\u00a0perdi\u00f3 la vida tras un presunto asalto\u00a0el fin de semana.<\/p>\n\n\n<div class=\"wp-block-image\">\n<figure class=\"aligncenter size-full\"><img loading=\"lazy\" decoding=\"async\" width=\"452\" height=\"800\" src=\"https:\/\/nvnoticias.mx\/wp-content\/uploads\/2024\/07\/image.png\" alt=\"\" class=\"wp-image-153655\" srcset=\"https:\/\/nvnoticias.mx\/wp-content\/uploads\/2024\/07\/image.png 452w, https:\/\/nvnoticias.mx\/wp-content\/uploads\/2024\/07\/image-170x300.png 170w\" sizes=\"auto, (max-width: 452px) 100vw, 452px\" \/><\/figure>\n<\/div>","protected":false},"excerpt":{"rendered":"<p>Hace unos d\u00edas, se dio a conocer que el asesinato&nbsp;a balazos de Paola Salcedo, la hermana mayor del futbolista mexicano Carlos &#8216;N&#8217;. Ahora,&nbsp;Mar\u00eda Isabel Hern\u00e1ndez Navarro quien es mam\u00e1 de ambos, acus\u00f3 a su hijo y esposa de ser los autores del crimen. Adem\u00e1s, la se\u00f1ora asegura que la raz\u00f3n principal por la cual el [&hellip;]<\/p>\n","protected":false},"author":8,"featured_media":153658,"comment_status":"open","ping_status":"open","sticky":false,"template":"","format":"standard","meta":{"_monsterinsights_skip_tracking":false,"_monsterinsights_sitenote_active":false,"_monsterinsights_sitenote_note":"","_monsterinsights_sitenote_category":0,"footnotes":""},"categories":[159],"tags":[1431,30389,361],"class_list":["post-153654","post","type-post","status-publish","format-standard","has-post-thumbnail","hentry","category-deportes","tag-asesinato","tag-carlos-salcedo","tag-cruz-azul","wp-image-borders"],"amp_enabled":true,"_links":{"self":[{"href":"https:\/\/nvnoticias.mx\/index.php\/wp-json\/wp\/v2\/posts\/153654","targetHints":{"allow":["GET"]}}],"collection":[{"href":"https:\/\/nvnoticias.mx\/index.php\/wp-json\/wp\/v2\/posts"}],"about":[{"href":"https:\/\/nvnoticias.mx\/index.php\/wp-json\/wp\/v2\/types\/post"}],"author":[{"embeddable":true,"href":"https:\/\/nvnoticias.mx\/index.php\/wp-json\/wp\/v2\/users\/8"}],"replies":[{"embeddable":true,"href":"https:\/\/nvnoticias.mx\/index.php\/wp-json\/wp\/v2\/comments?post=153654"}],"version-history":[{"count":1,"href":"https:\/\/nvnoticias.mx\/index.php\/wp-json\/wp\/v2\/posts\/153654\/revisions"}],"predecessor-version":[{"id":153656,"href":"https:\/\/nvnoticias.mx\/index.php\/wp-json\/wp\/v2\/posts\/153654\/revisions\/153656"}],"wp:featuredmedia":[{"embeddable":true,"href":"https:\/\/nvnoticias.mx\/index.php\/wp-json\/wp\/v2\/media\/153658"}],"wp:attachment":[{"href":"https:\/\/nvnoticias.mx\/index.php\/wp-json\/wp\/v2\/media?parent=153654"}],"wp:term":[{"taxonomy":"category","embeddable":true,"href":"https:\/\/nvnoticias.mx\/index.php\/wp-json\/wp\/v2\/categories?post=153654"},{"taxonomy":"post_tag","embeddable":true,"href":"https:\/\/nvnoticias.mx\/index.php\/wp-json\/wp\/v2\/tags?post=153654"}],"curies":[{"name":"wp","href":"https:\/\/api.w.org\/{rel}","templated":true}]}}