{"id":153595,"date":"2024-07-04T11:38:46","date_gmt":"2024-07-04T17:38:46","guid":{"rendered":"https:\/\/nvnoticias.mx\/?p=153595"},"modified":"2024-07-04T11:38:52","modified_gmt":"2024-07-04T17:38:52","slug":"preve-tepjf-denunciar-al-juez-de-la-peza-ante-fgr-por-el-delito-de-uso-indebido-de-funciones","status":"publish","type":"post","link":"https:\/\/nvnoticias.mx\/index.php\/2024\/07\/04\/preve-tepjf-denunciar-al-juez-de-la-peza-ante-fgr-por-el-delito-de-uso-indebido-de-funciones\/","title":{"rendered":"Prev\u00e9 TEPJF denunciar al juez de la Peza ante FGR por el delito de uso indebido de funciones"},"content":{"rendered":"\n<p>Emitir una \u201csuspensi\u00f3n intrusiva\u201d, excederse indebidamente en sus facultades invadiendo competencias exclusivas del Senado y del Tribunal Electoral, y violar la Constituci\u00f3n pretendiendo conformar la Sala Superior \u201cde forma ilegal con una suspensi\u00f3n provisional\u201d, son los argumentos con los que el&nbsp;juez Rodrigo de la Peza&nbsp;ser\u00e1 denunciado ante la Fiscal\u00eda General de la Rep\u00fablica (FGR).<\/p>\n\n\n\n<p>La tarde de este mi\u00e9rcoles la magistrada presidenta M\u00f3nica Soto circul\u00f3 a sus pares de la Sala Superior del Tribunal Electoral del Poder Judicial de la Federaci\u00f3n (TEPJF), en el que se exponen los motivos por los que notificar\u00e1n al juez Rodrigo de la Peza que no acatar\u00e1n su resoluci\u00f3n, los mismos con los que presentar\u00e1n una queja ante el Consejo de la Judicatura Federal para exigir que investiguen su actuar y lo denunciar\u00e1n ante la FGR.<\/p>\n\n\n\n<p>El pasado lunes, este medio revel\u00f3 que el fin de semana, la Sala Superior recibi\u00f3 la notificaci\u00f3n del juez Noveno de Distrito en Materia Administrativa que les ordenaba nombrar en 24 horas dos magistraturas provisionales y as\u00ed, enmendar la omisi\u00f3n del Senado y comenzar a sesionar de manera inmediata, amagando con que de no hacerlo, recibir\u00edan multas individuales.<\/p>\n\n\n\n<p>En la respuesta oficial que la Sala Superior comenz\u00f3 a revisar ayer por la tarde para darle respuesta a todas las autoridades correspondientes, concluyen que el juez se excedi\u00f3 en sus atribuciones, invadi\u00f3 la autonom\u00eda del Tribunal Electoral y las facultades del Poder Legislativo, y viol\u00f3 la Constituci\u00f3n haciendo con una decisi\u00f3n que ante estas ilegalidades, resulta nula.<\/p>\n\n\n\n<blockquote class=\"wp-block-quote is-layout-flow wp-block-quote-is-layout-flow\">\n<p>\u201cEsta determinaci\u00f3n adoptada por el Juez de Distrito es adem\u00e1s contraria a los principios de excelencia y profesionalismo, previstos en el art\u00edculo 100 de la Constituci\u00f3n Pol\u00edtica de los Estados Unidos Mexicanos, pues fue emitida de manera contraria a lo establecido por la Suprema Corte de Justicia de la Naci\u00f3n.<\/p>\n<\/blockquote>\n\n\n\n<blockquote class=\"wp-block-quote is-layout-flow wp-block-quote-is-layout-flow\">\n<p>\u201cEl Juez de Distrito vulner\u00f3 las atribuciones constitucionales y el actuar aut\u00f3nomo de este Tribunal pretendiendo conformarlo de forma ilegal en la suspensi\u00f3n provisional, por lo que se instruye a la Direcci\u00f3n General de Asuntos Jur\u00eddicos de este \u00f3rgano jurisdiccional, que presente la denuncia correspondiente con la actuaci\u00f3n del juzgador ante la Fiscal\u00eda General de la Rep\u00fablica, as\u00ed como la queja respectiva ante el Consejo de la Judicatura Federal\u201d, concluye el proyecto.<\/p>\n<\/blockquote>\n\n\n\n<p>Fuente: <a href=\"https:\/\/www.milenio.com\/politica\/tepjf-preve-denunciar-al-juez-de-la-peza-ante-la-fgr\" data-type=\"link\" data-id=\"https:\/\/www.milenio.com\/politica\/tepjf-preve-denunciar-al-juez-de-la-peza-ante-la-fgr\">Milenio<\/a><br><\/p>\n","protected":false},"excerpt":{"rendered":"<p>Emitir una \u201csuspensi\u00f3n intrusiva\u201d, excederse indebidamente en sus facultades invadiendo competencias exclusivas del Senado y del Tribunal Electoral, y violar la Constituci\u00f3n pretendiendo conformar la Sala Superior \u201cde forma ilegal con una suspensi\u00f3n provisional\u201d, son los argumentos con los que el&nbsp;juez Rodrigo de la Peza&nbsp;ser\u00e1 denunciado ante la Fiscal\u00eda General de la Rep\u00fablica (FGR). La [&hellip;]<\/p>\n","protected":false},"author":35,"featured_media":58369,"comment_status":"open","ping_status":"open","sticky":false,"template":"","format":"standard","meta":{"_monsterinsights_skip_tracking":false,"_monsterinsights_sitenote_active":false,"_monsterinsights_sitenote_note":"","_monsterinsights_sitenote_category":0,"footnotes":""},"categories":[158],"tags":[226,30384,9676,1791],"class_list":["post-153595","post","type-post","status-publish","format-standard","has-post-thumbnail","hentry","category-politica","tag-fgr","tag-peza","tag-preve","tag-tepjf","wp-image-borders"],"amp_enabled":true,"_links":{"self":[{"href":"https:\/\/nvnoticias.mx\/index.php\/wp-json\/wp\/v2\/posts\/153595","targetHints":{"allow":["GET"]}}],"collection":[{"href":"https:\/\/nvnoticias.mx\/index.php\/wp-json\/wp\/v2\/posts"}],"about":[{"href":"https:\/\/nvnoticias.mx\/index.php\/wp-json\/wp\/v2\/types\/post"}],"author":[{"embeddable":true,"href":"https:\/\/nvnoticias.mx\/index.php\/wp-json\/wp\/v2\/users\/35"}],"replies":[{"embeddable":true,"href":"https:\/\/nvnoticias.mx\/index.php\/wp-json\/wp\/v2\/comments?post=153595"}],"version-history":[{"count":1,"href":"https:\/\/nvnoticias.mx\/index.php\/wp-json\/wp\/v2\/posts\/153595\/revisions"}],"predecessor-version":[{"id":153596,"href":"https:\/\/nvnoticias.mx\/index.php\/wp-json\/wp\/v2\/posts\/153595\/revisions\/153596"}],"wp:featuredmedia":[{"embeddable":true,"href":"https:\/\/nvnoticias.mx\/index.php\/wp-json\/wp\/v2\/media\/58369"}],"wp:attachment":[{"href":"https:\/\/nvnoticias.mx\/index.php\/wp-json\/wp\/v2\/media?parent=153595"}],"wp:term":[{"taxonomy":"category","embeddable":true,"href":"https:\/\/nvnoticias.mx\/index.php\/wp-json\/wp\/v2\/categories?post=153595"},{"taxonomy":"post_tag","embeddable":true,"href":"https:\/\/nvnoticias.mx\/index.php\/wp-json\/wp\/v2\/tags?post=153595"}],"curies":[{"name":"wp","href":"https:\/\/api.w.org\/{rel}","templated":true}]}}