{"id":153584,"date":"2024-07-04T10:50:06","date_gmt":"2024-07-04T16:50:06","guid":{"rendered":"https:\/\/nvnoticias.mx\/?p=153584"},"modified":"2024-07-04T10:50:07","modified_gmt":"2024-07-04T16:50:07","slug":"condena-equipo-de-biden-declaraciones-de-trump-contra-kamala-harris","status":"publish","type":"post","link":"https:\/\/nvnoticias.mx\/index.php\/2024\/07\/04\/condena-equipo-de-biden-declaraciones-de-trump-contra-kamala-harris\/","title":{"rendered":"Condena equipo de Biden declaraciones de Trump contra Kamala Harris"},"content":{"rendered":"\n<p>Tras darse a conocer las fuertes declaraciones de Trump, el equipo de campa\u00f1a de Joe Biden emiti\u00f3 una respuesta en la que conden\u00f3 los comentarios hacia Kamala Harris, calific\u00e1ndolos de racistas y mis\u00f3ginos.<\/p>\n\n\n\n<blockquote class=\"wp-block-quote is-layout-flow wp-block-quote-is-layout-flow\">\n<p>\u201cEl pueblo estadounidense ya ha visto un mal tras otro por parte de Donald Trump. Ha visto una y otra vez su falta de respeto hacia las mujeres, su desd\u00e9n hacia los estadounidenses negros y su total desprecio por nuestra democracia\u201d, se\u00f1ala el comunicado.<\/p>\n<\/blockquote>\n\n\n\n<p>La portavoz de la campa\u00f1a del candidato dem\u00f3crata, Sarafina Chitika, respondi\u00f3 directamente a la declaraci\u00f3n de Trump en la que dijo que Harris es \u2018jodidamente mala\u2019, resaltando los errores que el republicano cometi\u00f3 durante su mandato, as\u00ed como los conflictos legales por los que ha atravesado en los \u00faltimos meses.<\/p>\n\n\n\n<blockquote class=\"wp-block-quote is-layout-flow wp-block-quote-is-layout-flow\">\n<p>\u201cNo, Donald. Lo que est\u00e1 mal es quitarle derechos a las mujeres; perder unas elecciones y animar a una turba violenta a atacar el Capitolio; agredir a las mujeres; decirle a la gente que se inyecte lej\u00eda; cometer 34 delitos (\u2026) Gracias por permitirnos aclar\u00e1rtelo\u201d, apunt\u00f3.<\/p>\n<\/blockquote>\n\n\n\n<p>Fuente: El <a href=\"https:\/\/www.elfinanciero.com.mx\/mundo\/2024\/07\/04\/trump-tacha-de-patetica-a-kamala-y-de-basura-a-biden-se-lo-imaginan-lidiando-con-putin\/?outputType=amp\" data-type=\"link\" data-id=\"https:\/\/www.elfinanciero.com.mx\/mundo\/2024\/07\/04\/trump-tacha-de-patetica-a-kamala-y-de-basura-a-biden-se-lo-imaginan-lidiando-con-putin\/?outputType=amp\">Financiero<\/a><br><\/p>\n","protected":false},"excerpt":{"rendered":"<p>Tras darse a conocer las fuertes declaraciones de Trump, el equipo de campa\u00f1a de Joe Biden emiti\u00f3 una respuesta en la que conden\u00f3 los comentarios hacia Kamala Harris, calific\u00e1ndolos de racistas y mis\u00f3ginos. \u201cEl pueblo estadounidense ya ha visto un mal tras otro por parte de Donald Trump. Ha visto una y otra vez su [&hellip;]<\/p>\n","protected":false},"author":35,"featured_media":20988,"comment_status":"open","ping_status":"open","sticky":false,"template":"","format":"standard","meta":{"_monsterinsights_skip_tracking":false,"_monsterinsights_sitenote_active":false,"_monsterinsights_sitenote_note":"","_monsterinsights_sitenote_category":0,"footnotes":""},"categories":[181],"tags":[230,182,2515],"class_list":["post-153584","post","type-post","status-publish","format-standard","has-post-thumbnail","hentry","category-internacional","tag-donald-trump","tag-joe-biden","tag-kamala-harris","wp-image-borders"],"amp_enabled":true,"_links":{"self":[{"href":"https:\/\/nvnoticias.mx\/index.php\/wp-json\/wp\/v2\/posts\/153584","targetHints":{"allow":["GET"]}}],"collection":[{"href":"https:\/\/nvnoticias.mx\/index.php\/wp-json\/wp\/v2\/posts"}],"about":[{"href":"https:\/\/nvnoticias.mx\/index.php\/wp-json\/wp\/v2\/types\/post"}],"author":[{"embeddable":true,"href":"https:\/\/nvnoticias.mx\/index.php\/wp-json\/wp\/v2\/users\/35"}],"replies":[{"embeddable":true,"href":"https:\/\/nvnoticias.mx\/index.php\/wp-json\/wp\/v2\/comments?post=153584"}],"version-history":[{"count":1,"href":"https:\/\/nvnoticias.mx\/index.php\/wp-json\/wp\/v2\/posts\/153584\/revisions"}],"predecessor-version":[{"id":153585,"href":"https:\/\/nvnoticias.mx\/index.php\/wp-json\/wp\/v2\/posts\/153584\/revisions\/153585"}],"wp:featuredmedia":[{"embeddable":true,"href":"https:\/\/nvnoticias.mx\/index.php\/wp-json\/wp\/v2\/media\/20988"}],"wp:attachment":[{"href":"https:\/\/nvnoticias.mx\/index.php\/wp-json\/wp\/v2\/media?parent=153584"}],"wp:term":[{"taxonomy":"category","embeddable":true,"href":"https:\/\/nvnoticias.mx\/index.php\/wp-json\/wp\/v2\/categories?post=153584"},{"taxonomy":"post_tag","embeddable":true,"href":"https:\/\/nvnoticias.mx\/index.php\/wp-json\/wp\/v2\/tags?post=153584"}],"curies":[{"name":"wp","href":"https:\/\/api.w.org\/{rel}","templated":true}]}}