{"id":153557,"date":"2024-07-04T08:25:48","date_gmt":"2024-07-04T14:25:48","guid":{"rendered":"https:\/\/nvnoticias.mx\/?p=153557"},"modified":"2024-07-04T08:25:50","modified_gmt":"2024-07-04T14:25:50","slug":"que-tipo-de-lider-eres","status":"publish","type":"post","link":"https:\/\/nvnoticias.mx\/index.php\/2024\/07\/04\/que-tipo-de-lider-eres\/","title":{"rendered":"\u00bfQu\u00e9 tipo de l\u00edder eres?"},"content":{"rendered":"\n<p><\/p>\n\n\n\n<p><strong>Dr. Jerem\u00edas Z\u00fa\u00f1iga Mezano<\/strong><\/p>\n\n\n\n<p><em>\u00bfEres el l\u00edder al que admiran tus hijos?<\/em> \u00bfEres el l\u00edder al que admira tu pareja? <em>\u00bfEres el l\u00edder en tu empresa o trabajo, inspirando con tu visi\u00f3n, determinaci\u00f3n, conocimientos, habilidades y actitud?<\/em> \u00bfEres un l\u00edder contigo mismo, <em>orgulloso de tu estilo de vida y tus logros<\/em>?<\/p>\n\n\n\n<p>Si a\u00fan no ejerces alguno de estos liderazgos, es <em>momento de cambiar.<\/em> <em>Adquiere los conocimientos,<\/em> <em>desarrolla las habilidades y aptitudes que te hacen falta,<\/em> y <em>mant\u00e9n la actitud correcta<\/em>. S\u00e9 el <em>l\u00edder en todas las etapas de tu vida<\/em> y, lo m\u00e1s importante, <em>convi\u00e9rtete en tu propio l\u00edder.<\/em>. <em>Ten presente que tus acciones, pensamientos, actitud, forma de hablar, pensar y comportarse reflejan tu liderazgo.<\/em>.<\/p>\n\n\n\n<p><strong>Recuerda, tus hijos, pareja y amigos est\u00e1n esperando que ejerzas el liderazgo que representas.<\/strong><\/p>\n\n\n\n<h1 class=\"wp-block-heading\">ParaSerMejores<\/h1>\n\n\n\n<p><\/p>\n","protected":false},"excerpt":{"rendered":"<p>Dr. Jerem\u00edas Z\u00fa\u00f1iga Mezano \u00bfEres el l\u00edder al que admiran tus hijos? \u00bfEres el l\u00edder al que admira tu pareja? \u00bfEres el l\u00edder en tu empresa o trabajo, inspirando con tu visi\u00f3n, determinaci\u00f3n, conocimientos, habilidades y actitud? \u00bfEres un l\u00edder contigo mismo, orgulloso de tu estilo de vida y tus logros? Si a\u00fan no ejerces [&hellip;]<\/p>\n","protected":false},"author":48,"featured_media":153558,"comment_status":"open","ping_status":"open","sticky":false,"template":"","format":"standard","meta":{"_monsterinsights_skip_tracking":false,"_monsterinsights_sitenote_active":false,"_monsterinsights_sitenote_note":"","_monsterinsights_sitenote_category":0,"footnotes":""},"categories":[30211],"tags":[30229],"class_list":["post-153557","post","type-post","status-publish","format-standard","has-post-thumbnail","hentry","category-para-ser-mejores","tag-dr-jeremias-zuniga-mezano","wp-image-borders"],"amp_enabled":true,"_links":{"self":[{"href":"https:\/\/nvnoticias.mx\/index.php\/wp-json\/wp\/v2\/posts\/153557","targetHints":{"allow":["GET"]}}],"collection":[{"href":"https:\/\/nvnoticias.mx\/index.php\/wp-json\/wp\/v2\/posts"}],"about":[{"href":"https:\/\/nvnoticias.mx\/index.php\/wp-json\/wp\/v2\/types\/post"}],"author":[{"embeddable":true,"href":"https:\/\/nvnoticias.mx\/index.php\/wp-json\/wp\/v2\/users\/48"}],"replies":[{"embeddable":true,"href":"https:\/\/nvnoticias.mx\/index.php\/wp-json\/wp\/v2\/comments?post=153557"}],"version-history":[{"count":1,"href":"https:\/\/nvnoticias.mx\/index.php\/wp-json\/wp\/v2\/posts\/153557\/revisions"}],"predecessor-version":[{"id":153559,"href":"https:\/\/nvnoticias.mx\/index.php\/wp-json\/wp\/v2\/posts\/153557\/revisions\/153559"}],"wp:featuredmedia":[{"embeddable":true,"href":"https:\/\/nvnoticias.mx\/index.php\/wp-json\/wp\/v2\/media\/153558"}],"wp:attachment":[{"href":"https:\/\/nvnoticias.mx\/index.php\/wp-json\/wp\/v2\/media?parent=153557"}],"wp:term":[{"taxonomy":"category","embeddable":true,"href":"https:\/\/nvnoticias.mx\/index.php\/wp-json\/wp\/v2\/categories?post=153557"},{"taxonomy":"post_tag","embeddable":true,"href":"https:\/\/nvnoticias.mx\/index.php\/wp-json\/wp\/v2\/tags?post=153557"}],"curies":[{"name":"wp","href":"https:\/\/api.w.org\/{rel}","templated":true}]}}