{"id":153534,"date":"2024-07-03T14:58:54","date_gmt":"2024-07-03T20:58:54","guid":{"rendered":"https:\/\/nvnoticias.mx\/?p=153534"},"modified":"2024-07-03T14:58:55","modified_gmt":"2024-07-03T20:58:55","slug":"rechaza-sheinbaum-que-amlo-haya-violado-secreto-bancario-tras-exhibir-pagos-de-latinus","status":"publish","type":"post","link":"https:\/\/nvnoticias.mx\/index.php\/2024\/07\/03\/rechaza-sheinbaum-que-amlo-haya-violado-secreto-bancario-tras-exhibir-pagos-de-latinus\/","title":{"rendered":"Rechaza Sheinbaum que AMLO haya violado \u2018secreto bancario\u2019 tras exhibir pagos de Latinus"},"content":{"rendered":"\n<p>Luego de que el titular de la Unidad de Inteligencia Financiera (UIF), Pablo G\u00f3mez, comparti\u00f3 durante \u2018La Ma\u00f1anera\u2019 de este 3 de julio una tabla de pagos que Latinus realiz\u00f3 a periodistas y colaboradores entre 2020 y 2024, Claudia Sheinbaum Pardo descart\u00f3 que el gobierno federal haya violado el \u2018secreto bancario\u2019.<\/p>\n\n\n\n<p>Fue durante su conferencia de prensa, realizada desde su casa de transici\u00f3n ubicada en la Ciudad de M\u00e9xico, cuando la presidenta electa de M\u00e9xico se\u00f1al\u00f3 que no se compartieron datos privados.<\/p>\n\n\n\n<blockquote class=\"wp-block-quote is-layout-flow wp-block-quote-is-layout-flow\">\n<p>\u201cNo considero que hayan violado ning\u00fan secreto, hay informaci\u00f3n que se ha difundida en las \u2018Ma\u00f1aneras\u2019 del presidente y es informaci\u00f3n que ellos han usado en sus cuentas. El asunto de fondo es: \u00bfHay lavado de dinero o no en Latinus?\u201d, declar\u00f3.<\/p>\n<\/blockquote>\n\n\n\n<p>En esa l\u00ednea, aclar\u00f3 que la investigaci\u00f3n de la UIF es en contra de Latinus y no del periodista Carlos Loret de Mola, por lo que asegur\u00f3 que el portal tiene la obligaci\u00f3n de explicar las irregularidades que se han encontrado.<\/p>\n\n\n\n<blockquote class=\"wp-block-quote is-layout-flow wp-block-quote-is-layout-flow\">\n<p>\u201cLo que encuentra la UIF es que s\u00ed hay irregularidades en el manejo de las cuentas de Latinus. La fiscal\u00eda tendr\u00e1 que determinar si eso constituye suficiente para abrir una carpeta de investigaci\u00f3n y presentarla ante un juez. Hablaron de una especie de para\u00edso fiscal. Si no hay nada que tenga problema, tiene la obligaci\u00f3n de explicarlo\u201d, asever\u00f3.<\/p>\n<\/blockquote>\n\n\n\n<p>Fuente: <a href=\"https:\/\/www.infobae.com\/mexico\/2024\/07\/03\/sheinbaum-rechaza-que-amlo-haya-violado-secreto-bancario-tras-exhibir-pagos-de-latinus-tienen-la-obligacion-de-explicarlo\/\" data-type=\"link\" data-id=\"https:\/\/www.infobae.com\/mexico\/2024\/07\/03\/sheinbaum-rechaza-que-amlo-haya-violado-secreto-bancario-tras-exhibir-pagos-de-latinus-tienen-la-obligacion-de-explicarlo\/\">Infobae<\/a><br><\/p>\n","protected":false},"excerpt":{"rendered":"<p>Luego de que el titular de la Unidad de Inteligencia Financiera (UIF), Pablo G\u00f3mez, comparti\u00f3 durante \u2018La Ma\u00f1anera\u2019 de este 3 de julio una tabla de pagos que Latinus realiz\u00f3 a periodistas y colaboradores entre 2020 y 2024, Claudia Sheinbaum Pardo descart\u00f3 que el gobierno federal haya violado el \u2018secreto bancario\u2019. Fue durante su conferencia [&hellip;]<\/p>\n","protected":false},"author":35,"featured_media":127871,"comment_status":"open","ping_status":"open","sticky":false,"template":"","format":"standard","meta":{"_monsterinsights_skip_tracking":false,"_monsterinsights_sitenote_active":false,"_monsterinsights_sitenote_note":"","_monsterinsights_sitenote_category":0,"footnotes":""},"categories":[158],"tags":[188,27308],"class_list":["post-153534","post","type-post","status-publish","format-standard","has-post-thumbnail","hentry","category-politica","tag-amlo","tag-claudia-sheibaum","wp-image-borders"],"amp_enabled":true,"_links":{"self":[{"href":"https:\/\/nvnoticias.mx\/index.php\/wp-json\/wp\/v2\/posts\/153534","targetHints":{"allow":["GET"]}}],"collection":[{"href":"https:\/\/nvnoticias.mx\/index.php\/wp-json\/wp\/v2\/posts"}],"about":[{"href":"https:\/\/nvnoticias.mx\/index.php\/wp-json\/wp\/v2\/types\/post"}],"author":[{"embeddable":true,"href":"https:\/\/nvnoticias.mx\/index.php\/wp-json\/wp\/v2\/users\/35"}],"replies":[{"embeddable":true,"href":"https:\/\/nvnoticias.mx\/index.php\/wp-json\/wp\/v2\/comments?post=153534"}],"version-history":[{"count":1,"href":"https:\/\/nvnoticias.mx\/index.php\/wp-json\/wp\/v2\/posts\/153534\/revisions"}],"predecessor-version":[{"id":153535,"href":"https:\/\/nvnoticias.mx\/index.php\/wp-json\/wp\/v2\/posts\/153534\/revisions\/153535"}],"wp:featuredmedia":[{"embeddable":true,"href":"https:\/\/nvnoticias.mx\/index.php\/wp-json\/wp\/v2\/media\/127871"}],"wp:attachment":[{"href":"https:\/\/nvnoticias.mx\/index.php\/wp-json\/wp\/v2\/media?parent=153534"}],"wp:term":[{"taxonomy":"category","embeddable":true,"href":"https:\/\/nvnoticias.mx\/index.php\/wp-json\/wp\/v2\/categories?post=153534"},{"taxonomy":"post_tag","embeddable":true,"href":"https:\/\/nvnoticias.mx\/index.php\/wp-json\/wp\/v2\/tags?post=153534"}],"curies":[{"name":"wp","href":"https:\/\/api.w.org\/{rel}","templated":true}]}}