{"id":153486,"date":"2024-07-03T10:12:48","date_gmt":"2024-07-03T16:12:48","guid":{"rendered":"https:\/\/nvnoticias.mx\/?p=153486"},"modified":"2024-07-03T10:12:50","modified_gmt":"2024-07-03T16:12:50","slug":"reacciona-amlo-tras-dichos-de-sheinbaum-de-no-pintar-raya-con-el-presidente","status":"publish","type":"post","link":"https:\/\/nvnoticias.mx\/index.php\/2024\/07\/03\/reacciona-amlo-tras-dichos-de-sheinbaum-de-no-pintar-raya-con-el-presidente\/","title":{"rendered":"Reacciona AMLO tras dichos de Sheinbaum de no \u201cpintar raya\u201d con el Presidente"},"content":{"rendered":"\n<p>\u201cNi yo soy cacique, ni ella es pelele\u201d, declar\u00f3 el presidente Andr\u00e9s Manuel L\u00f3pez Obrador luego que la virtual presidenta electa, Claudia Sheinbaum, dijo que no pintar\u00eda su raya con el titular del Ejecutivo.<\/p>\n\n\n\n<p>En su conferencia ma\u00f1anera de este mi\u00e9rcoles 3 de julio en Palacio Nacional, L\u00f3pez Obrador dijo que sus adversarios son muy obvios y quisieran que hubiera pelea con Sheinbaum.<\/p>\n\n\n\n<blockquote class=\"wp-block-quote is-layout-flow wp-block-quote-is-layout-flow\">\n<p>\u201cPor eso hablan de pintar la raya, se olvidan que la raya est\u00e1 pintada, la presidenta electa entra en funciones pasadas las 12 de la noche el \u00faltimo d\u00eda de septiembre; yo paso a ser un ciudadano y ella se convierte en el titular del Ejecutivo\u201d, dijo.<\/p>\n<\/blockquote>\n\n\n\n<p>El presidente L\u00f3pez Obrador reiter\u00f3 que una vez que entregue la banda presidencial, se retirar\u00e1 de la vida pol\u00edtica y p\u00fablica para escribir un libro sobre la vida del M\u00e9xico prehisp\u00e1nico.<\/p>\n\n\n\n<blockquote class=\"wp-block-quote is-layout-flow wp-block-quote-is-layout-flow\">\n<p>\u201cMi Presidenta es mi Presidenta, y la voy a respetar siempre, la estimo mucho y la admiro porque es una mujer \u00edntegra, inteligente, preparada, muy buena servidora p\u00fablica, de buenos sentimientos y honesta.<\/p>\n<\/blockquote>\n\n\n\n<blockquote class=\"wp-block-quote is-layout-flow wp-block-quote-is-layout-flow\">\n<p>\u201cEs una bendici\u00f3n para M\u00e9xico si mi Presidenta alg\u00fan d\u00eda quiere verme, claro que la ver\u00eda, pero no va a hacer falta porque ella tiene mucha capacidad para enfrentar cualquier adversidad\u201d, expres\u00f3.<\/p>\n<\/blockquote>\n\n\n\n<p>Fuente: El <a href=\"https:\/\/www.eluniversal.com.mx\/nacion\/ni-yo-soy-cacique-ni-ella-es-pelele-dice-amlo-tras-dichos-de-sheinbaum-de-no-pintar-raya-con-el-presidente\/\" data-type=\"link\" data-id=\"https:\/\/www.eluniversal.com.mx\/nacion\/ni-yo-soy-cacique-ni-ella-es-pelele-dice-amlo-tras-dichos-de-sheinbaum-de-no-pintar-raya-con-el-presidente\/\">Universal<\/a><br><\/p>\n","protected":false},"excerpt":{"rendered":"<p>\u201cNi yo soy cacique, ni ella es pelele\u201d, declar\u00f3 el presidente Andr\u00e9s Manuel L\u00f3pez Obrador luego que la virtual presidenta electa, Claudia Sheinbaum, dijo que no pintar\u00eda su raya con el titular del Ejecutivo. En su conferencia ma\u00f1anera de este mi\u00e9rcoles 3 de julio en Palacio Nacional, L\u00f3pez Obrador dijo que sus adversarios son muy [&hellip;]<\/p>\n","protected":false},"author":35,"featured_media":153487,"comment_status":"open","ping_status":"open","sticky":false,"template":"","format":"standard","meta":{"_monsterinsights_skip_tracking":false,"_monsterinsights_sitenote_active":false,"_monsterinsights_sitenote_note":"","_monsterinsights_sitenote_category":0,"footnotes":""},"categories":[158],"tags":[188,2801],"class_list":["post-153486","post","type-post","status-publish","format-standard","has-post-thumbnail","hentry","category-politica","tag-amlo","tag-claudia-sheinbaum","wp-image-borders"],"amp_enabled":true,"_links":{"self":[{"href":"https:\/\/nvnoticias.mx\/index.php\/wp-json\/wp\/v2\/posts\/153486","targetHints":{"allow":["GET"]}}],"collection":[{"href":"https:\/\/nvnoticias.mx\/index.php\/wp-json\/wp\/v2\/posts"}],"about":[{"href":"https:\/\/nvnoticias.mx\/index.php\/wp-json\/wp\/v2\/types\/post"}],"author":[{"embeddable":true,"href":"https:\/\/nvnoticias.mx\/index.php\/wp-json\/wp\/v2\/users\/35"}],"replies":[{"embeddable":true,"href":"https:\/\/nvnoticias.mx\/index.php\/wp-json\/wp\/v2\/comments?post=153486"}],"version-history":[{"count":1,"href":"https:\/\/nvnoticias.mx\/index.php\/wp-json\/wp\/v2\/posts\/153486\/revisions"}],"predecessor-version":[{"id":153488,"href":"https:\/\/nvnoticias.mx\/index.php\/wp-json\/wp\/v2\/posts\/153486\/revisions\/153488"}],"wp:featuredmedia":[{"embeddable":true,"href":"https:\/\/nvnoticias.mx\/index.php\/wp-json\/wp\/v2\/media\/153487"}],"wp:attachment":[{"href":"https:\/\/nvnoticias.mx\/index.php\/wp-json\/wp\/v2\/media?parent=153486"}],"wp:term":[{"taxonomy":"category","embeddable":true,"href":"https:\/\/nvnoticias.mx\/index.php\/wp-json\/wp\/v2\/categories?post=153486"},{"taxonomy":"post_tag","embeddable":true,"href":"https:\/\/nvnoticias.mx\/index.php\/wp-json\/wp\/v2\/tags?post=153486"}],"curies":[{"name":"wp","href":"https:\/\/api.w.org\/{rel}","templated":true}]}}