{"id":153415,"date":"2024-07-02T11:37:50","date_gmt":"2024-07-02T17:37:50","guid":{"rendered":"https:\/\/nvnoticias.mx\/?p=153415"},"modified":"2024-07-02T11:37:52","modified_gmt":"2024-07-02T17:37:52","slug":"si-claudia-sheinbaum-no-hubiera-ganado-la-eleccion-hubiera-enviado-la-banda-presidencial-amlo","status":"publish","type":"post","link":"https:\/\/nvnoticias.mx\/index.php\/2024\/07\/02\/si-claudia-sheinbaum-no-hubiera-ganado-la-eleccion-hubiera-enviado-la-banda-presidencial-amlo\/","title":{"rendered":"Si Claudia Sheinbaum no hubiera ganado la elecci\u00f3n, hubiera enviado la banda presidencial: AMLO"},"content":{"rendered":"\n<p>El presidente Andr\u00e9s Manuel L\u00f3pez Obrador revel\u00f3 que si Claudia Sheinbaum Pardo no hubiera ganado la elecci\u00f3n presidencial del pasado 2 de junio, para la ceremonia de toma de posesi\u00f3n hubiera enviado con una persona cercana la banda presidencial.<\/p>\n\n\n\n<p>En su conferencia ma\u00f1anera de este martes 2 de julio en Palacio Nacional, L\u00f3pez Obrador record\u00f3 una an\u00e9cdota de la toma de posesi\u00f3n de Miguel de la Madrid en la que, afirm\u00f3, hubo empujones entre elementos del Estado Mayor Presidencial.<\/p>\n\n\n\n<blockquote class=\"wp-block-quote is-layout-flow wp-block-quote-is-layout-flow\">\n<p>\u201cCuando sali\u00f3 el presidente L\u00f3pez Portillo y entr\u00f3 de La Madrid, y a lo mejor algunos mayores se acuerdan de la escena, estaba en la entrega de la banda, y estaba el presidente L\u00f3pez Portillo con su ayudante detr\u00e1s del Estado Mayor, y ya en eso se le pone la banda a Miguel de la Madrid, y el que iba a ser jefe del Estado Mayor de Miguel de la Madrid y sus ayudantes empujan, empujan, empujaron as\u00ed al jefe del Estado Mayor de L\u00f3pez Portillo, y ya a partir de ah\u00ed ya.<\/p>\n<\/blockquote>\n\n\n\n<blockquote class=\"wp-block-quote is-layout-flow wp-block-quote-is-layout-flow\">\n<p>\u201cEntonces, yo no quiero que me empujen, no, no y adem\u00e1s esto es fraterno, pero as\u00ed, como se lo estoy platicando, debe estar en la televisi\u00f3n, pero clar\u00edsimo. Entonces, al jefe del Estado Mayor de L\u00f3pez Portillo le hicieron as\u00ed, y ya se pone detr\u00e1s de Miguel de la Madrid. \u00bfQui\u00e9n sabe d\u00f3nde termin\u00f3 el pobre se\u00f1or? Esto es distinto. Si hubiese sido otra la situaci\u00f3n, qui\u00e9n sabe\u2026a lo mejor ya mandaba yo la Banda, como un propio, pero no, esto es entre compa\u00f1eros, amigos y conociendo lo que es la pol\u00edtica\u201d, relat\u00f3.<\/p>\n<\/blockquote>\n\n\n\n<p>Fuente: El <a href=\"https:\/\/www.eluniversal.com.mx\/nacion\/amlo-si-claudia-sheinbaum-no-hubiera-ganado-la-eleccion-hubiera-enviado-la-banda-presidencial\/\" data-type=\"link\" data-id=\"https:\/\/www.eluniversal.com.mx\/nacion\/amlo-si-claudia-sheinbaum-no-hubiera-ganado-la-eleccion-hubiera-enviado-la-banda-presidencial\/\">Universal<\/a><br><\/p>\n","protected":false},"excerpt":{"rendered":"<p>El presidente Andr\u00e9s Manuel L\u00f3pez Obrador revel\u00f3 que si Claudia Sheinbaum Pardo no hubiera ganado la elecci\u00f3n presidencial del pasado 2 de junio, para la ceremonia de toma de posesi\u00f3n hubiera enviado con una persona cercana la banda presidencial. En su conferencia ma\u00f1anera de este martes 2 de julio en Palacio Nacional, L\u00f3pez Obrador record\u00f3 [&hellip;]<\/p>\n","protected":false},"author":35,"featured_media":121264,"comment_status":"open","ping_status":"open","sticky":false,"template":"","format":"standard","meta":{"_monsterinsights_skip_tracking":false,"_monsterinsights_sitenote_active":false,"_monsterinsights_sitenote_note":"","_monsterinsights_sitenote_category":0,"footnotes":""},"categories":[158],"tags":[188,2801],"class_list":["post-153415","post","type-post","status-publish","format-standard","has-post-thumbnail","hentry","category-politica","tag-amlo","tag-claudia-sheinbaum","wp-image-borders"],"amp_enabled":true,"_links":{"self":[{"href":"https:\/\/nvnoticias.mx\/index.php\/wp-json\/wp\/v2\/posts\/153415","targetHints":{"allow":["GET"]}}],"collection":[{"href":"https:\/\/nvnoticias.mx\/index.php\/wp-json\/wp\/v2\/posts"}],"about":[{"href":"https:\/\/nvnoticias.mx\/index.php\/wp-json\/wp\/v2\/types\/post"}],"author":[{"embeddable":true,"href":"https:\/\/nvnoticias.mx\/index.php\/wp-json\/wp\/v2\/users\/35"}],"replies":[{"embeddable":true,"href":"https:\/\/nvnoticias.mx\/index.php\/wp-json\/wp\/v2\/comments?post=153415"}],"version-history":[{"count":2,"href":"https:\/\/nvnoticias.mx\/index.php\/wp-json\/wp\/v2\/posts\/153415\/revisions"}],"predecessor-version":[{"id":153417,"href":"https:\/\/nvnoticias.mx\/index.php\/wp-json\/wp\/v2\/posts\/153415\/revisions\/153417"}],"wp:featuredmedia":[{"embeddable":true,"href":"https:\/\/nvnoticias.mx\/index.php\/wp-json\/wp\/v2\/media\/121264"}],"wp:attachment":[{"href":"https:\/\/nvnoticias.mx\/index.php\/wp-json\/wp\/v2\/media?parent=153415"}],"wp:term":[{"taxonomy":"category","embeddable":true,"href":"https:\/\/nvnoticias.mx\/index.php\/wp-json\/wp\/v2\/categories?post=153415"},{"taxonomy":"post_tag","embeddable":true,"href":"https:\/\/nvnoticias.mx\/index.php\/wp-json\/wp\/v2\/tags?post=153415"}],"curies":[{"name":"wp","href":"https:\/\/api.w.org\/{rel}","templated":true}]}}