{"id":153394,"date":"2024-07-02T10:04:14","date_gmt":"2024-07-02T16:04:14","guid":{"rendered":"https:\/\/nvnoticias.mx\/?p=153394"},"modified":"2024-07-02T10:04:16","modified_gmt":"2024-07-02T16:04:16","slug":"no-hay-nada-que-temer-en-materia-economica-porque-sheinbaum-sabe-bastante-amlo","status":"publish","type":"post","link":"https:\/\/nvnoticias.mx\/index.php\/2024\/07\/02\/no-hay-nada-que-temer-en-materia-economica-porque-sheinbaum-sabe-bastante-amlo\/","title":{"rendered":"No hay nada que temer en materia econ\u00f3mica porque Sheinbaum sabe bastante: AMLO"},"content":{"rendered":"\n<p>El presidente Andr\u00e9s Manuel L\u00f3pez Obrador afirm\u00f3 que su pol\u00edtica econ\u00f3mica est\u00e1 apegada al \u201chumanismo mexicano\u201d y ha dado muy buenos resultados, y asegur\u00f3 que no \u201chay nada que temer\u201d en el pr\u00f3ximo sexenio porque Claudia Sheinbaum Pardo, virtual presidenta electa, est\u00e1 muy preparada y sabe bastante sobre econom\u00eda.<\/p>\n\n\n\n<blockquote class=\"wp-block-quote is-layout-flow wp-block-quote-is-layout-flow\">\n<p>\u201cLa pol\u00edtica econ\u00f3mica de M\u00e9xico est\u00e1 apegada a lo que es el humanismo mexicano, que nos ha dado muy buenos resultados, y le va a ir muy bien al pa\u00eds, y no hay ning\u00fan problema, no hay nada que temer, porque la presidenta (Claudia Sheinbaum) est\u00e1 muy preparada, sabe bastante sobre econom\u00eda, administraci\u00f3n p\u00fablica\u201d, dijo en su conferencia ma\u00f1anera de este martes 2 de julio en Palacio Nacional.<\/p>\n<\/blockquote>\n\n\n\n<p>El Presidente manifest\u00f3 que el Banco de M\u00e9xico (Banxico) ha hecho su trabajo, aunque no se bajen las tasas de intereses, adem\u00e1s que su gobierno es respetuoso de su autonom\u00eda.<\/p>\n\n\n\n<blockquote class=\"wp-block-quote is-layout-flow wp-block-quote-is-layout-flow\">\n<p>\u201cUn buen trabajo en el manejo de las tasas. Quisi\u00e9ramos todos que bajaran las tasas de inter\u00e9s, porque si bajan las tasas de inter\u00e9s, pues bajan las tasas de los cr\u00e9ditos y hay m\u00e1s posibilidad de crecimiento econ\u00f3mico, pero tambi\u00e9n hay que controlar la inflaci\u00f3n y por eso no pueden bajar las tasas, porque se tiene que tener el control de la inflaci\u00f3n.<\/p>\n<\/blockquote>\n\n\n\n<blockquote class=\"wp-block-quote is-layout-flow wp-block-quote-is-layout-flow\">\n<p>\u201cLa inflaci\u00f3n da\u00f1a mucho a todos y da\u00f1a m\u00e1s a la gente con menos ingresos\u201d, indic\u00f3.<\/p>\n<\/blockquote>\n\n\n\n<p>Fuente: El <a href=\"https:\/\/www.eluniversal.com.mx\/nacion\/amlo-no-hay-nada-que-temer-en-materia-economica-porque-sheinbaum-sabe-bastante\/\" data-type=\"link\" data-id=\"https:\/\/www.eluniversal.com.mx\/nacion\/amlo-no-hay-nada-que-temer-en-materia-economica-porque-sheinbaum-sabe-bastante\/\">Universal<\/a><br><\/p>\n","protected":false},"excerpt":{"rendered":"<p>El presidente Andr\u00e9s Manuel L\u00f3pez Obrador afirm\u00f3 que su pol\u00edtica econ\u00f3mica est\u00e1 apegada al \u201chumanismo mexicano\u201d y ha dado muy buenos resultados, y asegur\u00f3 que no \u201chay nada que temer\u201d en el pr\u00f3ximo sexenio porque Claudia Sheinbaum Pardo, virtual presidenta electa, est\u00e1 muy preparada y sabe bastante sobre econom\u00eda. \u201cLa pol\u00edtica econ\u00f3mica de M\u00e9xico est\u00e1 [&hellip;]<\/p>\n","protected":false},"author":35,"featured_media":153396,"comment_status":"open","ping_status":"open","sticky":false,"template":"","format":"standard","meta":{"_monsterinsights_skip_tracking":false,"_monsterinsights_sitenote_active":false,"_monsterinsights_sitenote_note":"","_monsterinsights_sitenote_category":0,"footnotes":""},"categories":[158],"tags":[188,27308],"class_list":["post-153394","post","type-post","status-publish","format-standard","has-post-thumbnail","hentry","category-politica","tag-amlo","tag-claudia-sheibaum","wp-image-borders"],"amp_enabled":true,"_links":{"self":[{"href":"https:\/\/nvnoticias.mx\/index.php\/wp-json\/wp\/v2\/posts\/153394","targetHints":{"allow":["GET"]}}],"collection":[{"href":"https:\/\/nvnoticias.mx\/index.php\/wp-json\/wp\/v2\/posts"}],"about":[{"href":"https:\/\/nvnoticias.mx\/index.php\/wp-json\/wp\/v2\/types\/post"}],"author":[{"embeddable":true,"href":"https:\/\/nvnoticias.mx\/index.php\/wp-json\/wp\/v2\/users\/35"}],"replies":[{"embeddable":true,"href":"https:\/\/nvnoticias.mx\/index.php\/wp-json\/wp\/v2\/comments?post=153394"}],"version-history":[{"count":1,"href":"https:\/\/nvnoticias.mx\/index.php\/wp-json\/wp\/v2\/posts\/153394\/revisions"}],"predecessor-version":[{"id":153395,"href":"https:\/\/nvnoticias.mx\/index.php\/wp-json\/wp\/v2\/posts\/153394\/revisions\/153395"}],"wp:featuredmedia":[{"embeddable":true,"href":"https:\/\/nvnoticias.mx\/index.php\/wp-json\/wp\/v2\/media\/153396"}],"wp:attachment":[{"href":"https:\/\/nvnoticias.mx\/index.php\/wp-json\/wp\/v2\/media?parent=153394"}],"wp:term":[{"taxonomy":"category","embeddable":true,"href":"https:\/\/nvnoticias.mx\/index.php\/wp-json\/wp\/v2\/categories?post=153394"},{"taxonomy":"post_tag","embeddable":true,"href":"https:\/\/nvnoticias.mx\/index.php\/wp-json\/wp\/v2\/tags?post=153394"}],"curies":[{"name":"wp","href":"https:\/\/api.w.org\/{rel}","templated":true}]}}