{"id":153356,"date":"2024-07-01T16:35:42","date_gmt":"2024-07-01T22:35:42","guid":{"rendered":"https:\/\/nvnoticias.mx\/?p=153356"},"modified":"2024-07-01T16:35:43","modified_gmt":"2024-07-01T22:35:43","slug":"descarta-sheinbaum-pintar-raya-con-amlo-y-se-compromete-a-guardar-su-legado","status":"publish","type":"post","link":"https:\/\/nvnoticias.mx\/index.php\/2024\/07\/01\/descarta-sheinbaum-pintar-raya-con-amlo-y-se-compromete-a-guardar-su-legado\/","title":{"rendered":"Descarta Sheinbaum \u201cpintar raya\u201d con AMLO y se compromete a guardar su legado"},"content":{"rendered":"\n<p><\/p>\n\n\n\n<p>Al asegurar que no no va a &#8220;pintar raya&#8221; y que va a guardar el legado del presidente Andr\u00e9s Manuel L\u00f3pez, la virtual presidenta electa, Claudia Sheinbaum Pardo, llam\u00f3 a la militancia de Morena a seguir trabajando para salir a las plazas a hablar de la reforma al Poder Judicial.<\/p>\n\n\n\n<p>En el marco de la celebraci\u00f3n en el Complejo Cultural de Los Pinos del sexto aniversario del triunfo del presidente L\u00f3pez Obrador, Sheinbaum asegur\u00f3 que tras el triunfo del 2018 hubo un respaldo de la ciudadan\u00eda con la revoluci\u00f3n de la conciencias, y que lo mismo sucedi\u00f3 el pasado 2 de junio pues se dio un respaldo para la autollamada Cuarta Transformaci\u00f3n.<\/p>\n\n\n\n<p>Sheinbaum mencion\u00f3 que en los pr\u00f3ximos seis a\u00f1os no va a haber traici\u00f3n, vuelta en u, o regreso al pasado: &#8220;Es lo mejor que le podemos dar a nuestro pueblo y a su porvenir&#8221;.<\/p>\n\n\n\n<p>Adem\u00e1s, la virtual presidenta electa advirti\u00f3 que no har\u00e1 un distanciamiento del presidente Andr\u00e9s Manuel L\u00f3pez Obrador una vez que sea presidenta constitucional, porque de hacerlo, dijo, estar\u00eda traicionando a las mexicanas y los mexicanos<\/p>\n\n\n\n<blockquote class=\"wp-block-quote is-layout-flow wp-block-quote-is-layout-flow\">\n<p>\u201cLe\u00eda en un peri\u00f3dico que Claudia debe pintar raya con Andr\u00e9s Manuel L\u00f3pez Obrador y eso ser\u00eda pintar raya con el pueblo de M\u00e9xico. \u00a1Nunca! Con el pueblo todo sin el pueblo nada (\u2026) Y de aqu\u00ed en adelante, vamos a guardar el legado del presidente Andr\u00e9s Manuel L\u00f3pez Obrador&#8221;, mencion\u00f3.<\/p>\n<\/blockquote>\n\n\n\n<p>Agreg\u00f3 que todav\u00eda le quedan tres meses a L\u00f3pez Obrador en la Presidencia para seguir trabajando, y que en estas giras de fin de semana que ha hecho con \u00e9l han sido &#8220;emocionantes en esta transici\u00f3n hist\u00f3rica&#8221;.<\/p>\n\n\n\n<p>Por lo anterior, Claudia Sheinbaum hizo un llamado a la militancia y simpatizantes a seguir trabajando para que salgan a las plazas a difundir lo que significa la reforma al Poder Judicial y las reformas prioritarias para discutir en la siguiente legislatura.<\/p>\n\n\n\n<blockquote class=\"wp-block-quote is-layout-flow wp-block-quote-is-layout-flow\">\n<p>\u201cPor supuesto, que estos pr\u00f3ximos seis a\u00f1os sigamos gobernando juntos y juntas. Sigamos trabajando juntos y juntas por el bienestar del pueblo de M\u00e9xico, por la justicia, por la democracia, por la libertad. Y los convoco a que vayamos a las plazas a seguir difundiendo lo que significa la reforma judicial, los nuevos derechos, lo que significa la no reelecci\u00f3n para recuperar la esencia de la Revoluci\u00f3n Mexicana, lo que significa la justicia social y lo que significa seguir trabajando siempre de lado y con el pueblo de M\u00e9xico, porque la democracia es eso, es un gobierno del pueblo, por el pueblo y para el pueblo&#8221;, declar\u00f3.<\/p>\n<\/blockquote>\n\n\n\n<p>Fuente: El <a href=\"https:\/\/www.eluniversal.com.mx\/nacion\/sheinbaum-descarta-pintar-raya-con-amlo-y-se-compromete-a-guardar-su-legado\/\" data-type=\"link\" data-id=\"https:\/\/www.eluniversal.com.mx\/nacion\/sheinbaum-descarta-pintar-raya-con-amlo-y-se-compromete-a-guardar-su-legado\/\">Universal<\/a><br><\/p>\n","protected":false},"excerpt":{"rendered":"<p>Al asegurar que no no va a &#8220;pintar raya&#8221; y que va a guardar el legado del presidente Andr\u00e9s Manuel L\u00f3pez, la virtual presidenta electa, Claudia Sheinbaum Pardo, llam\u00f3 a la militancia de Morena a seguir trabajando para salir a las plazas a hablar de la reforma al Poder Judicial. En el marco de la [&hellip;]<\/p>\n","protected":false},"author":35,"featured_media":153358,"comment_status":"open","ping_status":"open","sticky":false,"template":"","format":"standard","meta":{"_monsterinsights_skip_tracking":false,"_monsterinsights_sitenote_active":false,"_monsterinsights_sitenote_note":"","_monsterinsights_sitenote_category":0,"footnotes":""},"categories":[157],"tags":[188,2801,162],"class_list":["post-153356","post","type-post","status-publish","format-standard","has-post-thumbnail","hentry","category-nacional","tag-amlo","tag-claudia-sheinbaum","tag-portada","wp-image-borders"],"amp_enabled":true,"_links":{"self":[{"href":"https:\/\/nvnoticias.mx\/index.php\/wp-json\/wp\/v2\/posts\/153356","targetHints":{"allow":["GET"]}}],"collection":[{"href":"https:\/\/nvnoticias.mx\/index.php\/wp-json\/wp\/v2\/posts"}],"about":[{"href":"https:\/\/nvnoticias.mx\/index.php\/wp-json\/wp\/v2\/types\/post"}],"author":[{"embeddable":true,"href":"https:\/\/nvnoticias.mx\/index.php\/wp-json\/wp\/v2\/users\/35"}],"replies":[{"embeddable":true,"href":"https:\/\/nvnoticias.mx\/index.php\/wp-json\/wp\/v2\/comments?post=153356"}],"version-history":[{"count":2,"href":"https:\/\/nvnoticias.mx\/index.php\/wp-json\/wp\/v2\/posts\/153356\/revisions"}],"predecessor-version":[{"id":153359,"href":"https:\/\/nvnoticias.mx\/index.php\/wp-json\/wp\/v2\/posts\/153356\/revisions\/153359"}],"wp:featuredmedia":[{"embeddable":true,"href":"https:\/\/nvnoticias.mx\/index.php\/wp-json\/wp\/v2\/media\/153358"}],"wp:attachment":[{"href":"https:\/\/nvnoticias.mx\/index.php\/wp-json\/wp\/v2\/media?parent=153356"}],"wp:term":[{"taxonomy":"category","embeddable":true,"href":"https:\/\/nvnoticias.mx\/index.php\/wp-json\/wp\/v2\/categories?post=153356"},{"taxonomy":"post_tag","embeddable":true,"href":"https:\/\/nvnoticias.mx\/index.php\/wp-json\/wp\/v2\/tags?post=153356"}],"curies":[{"name":"wp","href":"https:\/\/api.w.org\/{rel}","templated":true}]}}