{"id":153236,"date":"2024-06-30T10:50:19","date_gmt":"2024-06-30T16:50:19","guid":{"rendered":"https:\/\/nvnoticias.mx\/?p=153236"},"modified":"2024-06-30T10:50:21","modified_gmt":"2024-06-30T16:50:21","slug":"prohibe-gobierno-turco-la-marcha-del-orgullo-y-cierra-el-centro-de-estambul","status":"publish","type":"post","link":"https:\/\/nvnoticias.mx\/index.php\/2024\/06\/30\/prohibe-gobierno-turco-la-marcha-del-orgullo-y-cierra-el-centro-de-estambul\/","title":{"rendered":"Proh\u00edbe gobierno turco la Marcha del Orgullo y cierra el centro de Estambul"},"content":{"rendered":"\n<p>La gobernaci\u00f3n de Estambul prohibi\u00f3 este domingo la 22 Marcha del Orgullo y orden\u00f3 el cierre del centro de la ciudad para evitar que se concentren all\u00ed lo que calific\u00f3 como &#8220;grupos ilegales&#8221;.<\/p>\n\n\n\n<p>La Marcha del Orgullo no ser\u00e1 autorizada, anunci\u00f3 sin dar m\u00e1s explicaciones la oficina del gobernador, Davut G\u00fcl, cuyo cargo no es electo sino una designaci\u00f3n por parte del gobierno conservador islamista de Turqu\u00eda.<\/p>\n\n\n\n<p>Grupos de los derechos del colectivo LGBTQI+ hab\u00edan convocado una marcha de protesta no autorizada en la principal ciudad del pa\u00eds eurasi\u00e1tico.<\/p>\n\n\n\n<p>Pero los alrededores de la c\u00e9ntrica plaza de Taksim fueron cerrados al tr\u00e1fico, mientras que la polic\u00eda controlaba incluso el tr\u00e1nsito de peatones y levant\u00f3 barreras.<\/p>\n\n\n\n<p>Si bien las relaciones homosexuales no est\u00e1n prohibidas en Turqu\u00eda, el gobierno del presidente islamista, Recep Tayyip Erdogan, lleva a\u00f1os intentando impedir el desfile anual del Orgullo y el a\u00f1o pasado fueron detenidas decenas de personas en las marchas no autorizadas.<\/p>\n\n\n\n<p>El Comit\u00e9 de la Semana del Orgullo comparti\u00f3 hoy una serie de recomendaciones en sus redes sociales para las personas LGBTQ+ que desean participar a pesar de todo en la Marcha del Orgullo de Estambul.<\/p>\n\n\n\n<p>El Comit\u00e9 recomend\u00f3 que los participantes lleven consigo sus &#8220;documentos de identidad, papel y bol\u00edgrafo para documentar cualquier posible proceso de detenci\u00f3n, tel\u00e9fono para registrar cualquier posible violaci\u00f3n de derechos&#8221;.<\/p>\n\n\n\n<p>Fuente: El Universal<br>https:\/\/www.eluniversal.com.mx\/mundo\/gobierno-turco-prohibe-la-marcha-del-orgullo-y-cierra-el-centro-de-estambul\/<\/p>\n","protected":false},"excerpt":{"rendered":"<p>La gobernaci\u00f3n de Estambul prohibi\u00f3 este domingo la 22 Marcha del Orgullo y orden\u00f3 el cierre del centro de la ciudad para evitar que se concentren all\u00ed lo que calific\u00f3 como &#8220;grupos ilegales&#8221;. La Marcha del Orgullo no ser\u00e1 autorizada, anunci\u00f3 sin dar m\u00e1s explicaciones la oficina del gobernador, Davut G\u00fcl, cuyo cargo no es [&hellip;]<\/p>\n","protected":false},"author":35,"featured_media":62775,"comment_status":"open","ping_status":"open","sticky":false,"template":"","format":"standard","meta":{"_monsterinsights_skip_tracking":false,"_monsterinsights_sitenote_active":false,"_monsterinsights_sitenote_note":"","_monsterinsights_sitenote_category":0,"footnotes":""},"categories":[181],"tags":[13502,16349,3698],"class_list":["post-153236","post","type-post","status-publish","format-standard","has-post-thumbnail","hentry","category-internacional","tag-lgbt-2","tag-marcha-del-orgullo","tag-turquia","wp-image-borders"],"amp_enabled":true,"_links":{"self":[{"href":"https:\/\/nvnoticias.mx\/index.php\/wp-json\/wp\/v2\/posts\/153236","targetHints":{"allow":["GET"]}}],"collection":[{"href":"https:\/\/nvnoticias.mx\/index.php\/wp-json\/wp\/v2\/posts"}],"about":[{"href":"https:\/\/nvnoticias.mx\/index.php\/wp-json\/wp\/v2\/types\/post"}],"author":[{"embeddable":true,"href":"https:\/\/nvnoticias.mx\/index.php\/wp-json\/wp\/v2\/users\/35"}],"replies":[{"embeddable":true,"href":"https:\/\/nvnoticias.mx\/index.php\/wp-json\/wp\/v2\/comments?post=153236"}],"version-history":[{"count":1,"href":"https:\/\/nvnoticias.mx\/index.php\/wp-json\/wp\/v2\/posts\/153236\/revisions"}],"predecessor-version":[{"id":153237,"href":"https:\/\/nvnoticias.mx\/index.php\/wp-json\/wp\/v2\/posts\/153236\/revisions\/153237"}],"wp:featuredmedia":[{"embeddable":true,"href":"https:\/\/nvnoticias.mx\/index.php\/wp-json\/wp\/v2\/media\/62775"}],"wp:attachment":[{"href":"https:\/\/nvnoticias.mx\/index.php\/wp-json\/wp\/v2\/media?parent=153236"}],"wp:term":[{"taxonomy":"category","embeddable":true,"href":"https:\/\/nvnoticias.mx\/index.php\/wp-json\/wp\/v2\/categories?post=153236"},{"taxonomy":"post_tag","embeddable":true,"href":"https:\/\/nvnoticias.mx\/index.php\/wp-json\/wp\/v2\/tags?post=153236"}],"curies":[{"name":"wp","href":"https:\/\/api.w.org\/{rel}","templated":true}]}}