{"id":153225,"date":"2024-06-30T10:35:10","date_gmt":"2024-06-30T16:35:10","guid":{"rendered":"https:\/\/nvnoticias.mx\/?p=153225"},"modified":"2024-06-30T10:35:12","modified_gmt":"2024-06-30T16:35:12","slug":"busca-pt-que-trabajadores-de-los-poderes-de-la-union-gocen-de-dos-dias-de-descanso","status":"publish","type":"post","link":"https:\/\/nvnoticias.mx\/index.php\/2024\/06\/30\/busca-pt-que-trabajadores-de-los-poderes-de-la-union-gocen-de-dos-dias-de-descanso\/","title":{"rendered":"Busca PT que trabajadores de los Poderes de la Uni\u00f3n gocen de dos d\u00edas de descanso"},"content":{"rendered":"\n<p>Para establecer una jornada laboral de cinco d\u00edas por dos de descanso para los trabajadores de los Poderes de la Uni\u00f3n, la diputada petista Marisela Gardu\u00f1o Gardu\u00f1o propuso reformar la fracci\u00f3n II del apartado B del art\u00edculo 123 de la Constituci\u00f3n Pol\u00edtica.<\/p>\n\n\n\n<p>El documento, turnado a la Comisi\u00f3n de Puntos Constitucionales, propone reducir los d\u00edas de trabajo que se establecen en dicha fracci\u00f3n en beneficio de los trabajadores al servicio del Estado.<\/p>\n\n\n\n<p>En la actualidad, dicho precepto estipula que por cada seis d\u00edas de labores el trabajador disfrutar\u00e1 de un d\u00eda de descanso, cuando menos, con goce de salario \u00edntegro.<\/p>\n\n\n\n<p>Explica que en la actual Legislatura se plante\u00f3 modificar la fracci\u00f3n IV del apartado A de dicho art\u00edculo constitucional con la intenci\u00f3n de reducir de seis a cinco los d\u00edas de trabajo y aumentar a dos los de descanso en favor del trabajador, por lo cual, de manera an\u00e1loga, se propone una reforma en los mismos t\u00e9rminos para los trabajadores al servicio del Estado.<\/p>\n\n\n\n<p>En el sector burocr\u00e1tico, refiere la legisladora, derivado de la firma de las condiciones generales de trabajo por parte de la representaci\u00f3n sindical con la parte patronal, se ha establecido que el personal gozar\u00e1 de dos d\u00edas de descanso por cada cinco de labor. Se\u00f1ala que esta conquista laboral forma parte de los \u201cderechos adquiridos\u201d por los trabajadores.<\/p>\n\n\n\n<p>Por ello, de ser aprobada la modificaci\u00f3n propuesta, permitir\u00e1 a los trabajadores al servicio del Estado contar con m\u00e1s tiempo para dedicarlo a sus familias o a actividades que consideren oportunas.<\/p>\n\n\n\n<p>A\u00f1ade que, si se modifica la fracci\u00f3n IV del apartado A, no deber\u00eda existir ninguna objeci\u00f3n para avalar el cambio propuesto a la fracci\u00f3n II del apartado B del art\u00edculo 123 constitucional.<\/p>\n\n\n\n<p>Fuente: El <a href=\"https:\/\/www.eluniversal.com.mx\/nacion\/pt-busca-que-trabajadores-de-los-poderes-de-la-union-gocen-de-dos-dias-de-descanso\/\" data-type=\"link\" data-id=\"https:\/\/www.eluniversal.com.mx\/nacion\/pt-busca-que-trabajadores-de-los-poderes-de-la-union-gocen-de-dos-dias-de-descanso\/\">Universal<\/a><br><\/p>\n","protected":false},"excerpt":{"rendered":"<p>Para establecer una jornada laboral de cinco d\u00edas por dos de descanso para los trabajadores de los Poderes de la Uni\u00f3n, la diputada petista Marisela Gardu\u00f1o Gardu\u00f1o propuso reformar la fracci\u00f3n II del apartado B del art\u00edculo 123 de la Constituci\u00f3n Pol\u00edtica. El documento, turnado a la Comisi\u00f3n de Puntos Constitucionales, propone reducir los d\u00edas [&hellip;]<\/p>\n","protected":false},"author":35,"featured_media":153227,"comment_status":"open","ping_status":"open","sticky":false,"template":"","format":"standard","meta":{"_monsterinsights_skip_tracking":false,"_monsterinsights_sitenote_active":false,"_monsterinsights_sitenote_note":"","_monsterinsights_sitenote_category":0,"footnotes":""},"categories":[158],"tags":[345],"class_list":["post-153225","post","type-post","status-publish","format-standard","has-post-thumbnail","hentry","category-politica","tag-pt","wp-image-borders"],"amp_enabled":true,"_links":{"self":[{"href":"https:\/\/nvnoticias.mx\/index.php\/wp-json\/wp\/v2\/posts\/153225","targetHints":{"allow":["GET"]}}],"collection":[{"href":"https:\/\/nvnoticias.mx\/index.php\/wp-json\/wp\/v2\/posts"}],"about":[{"href":"https:\/\/nvnoticias.mx\/index.php\/wp-json\/wp\/v2\/types\/post"}],"author":[{"embeddable":true,"href":"https:\/\/nvnoticias.mx\/index.php\/wp-json\/wp\/v2\/users\/35"}],"replies":[{"embeddable":true,"href":"https:\/\/nvnoticias.mx\/index.php\/wp-json\/wp\/v2\/comments?post=153225"}],"version-history":[{"count":2,"href":"https:\/\/nvnoticias.mx\/index.php\/wp-json\/wp\/v2\/posts\/153225\/revisions"}],"predecessor-version":[{"id":153228,"href":"https:\/\/nvnoticias.mx\/index.php\/wp-json\/wp\/v2\/posts\/153225\/revisions\/153228"}],"wp:featuredmedia":[{"embeddable":true,"href":"https:\/\/nvnoticias.mx\/index.php\/wp-json\/wp\/v2\/media\/153227"}],"wp:attachment":[{"href":"https:\/\/nvnoticias.mx\/index.php\/wp-json\/wp\/v2\/media?parent=153225"}],"wp:term":[{"taxonomy":"category","embeddable":true,"href":"https:\/\/nvnoticias.mx\/index.php\/wp-json\/wp\/v2\/categories?post=153225"},{"taxonomy":"post_tag","embeddable":true,"href":"https:\/\/nvnoticias.mx\/index.php\/wp-json\/wp\/v2\/tags?post=153225"}],"curies":[{"name":"wp","href":"https:\/\/api.w.org\/{rel}","templated":true}]}}