{"id":153205,"date":"2024-06-30T10:04:33","date_gmt":"2024-06-30T16:04:33","guid":{"rendered":"https:\/\/nvnoticias.mx\/?p=153205"},"modified":"2024-06-30T10:04:35","modified_gmt":"2024-06-30T16:04:35","slug":"recalca-claudia-sheinbaum-que-el-tren-maya-es-una-hazana-historica","status":"publish","type":"post","link":"https:\/\/nvnoticias.mx\/index.php\/2024\/06\/30\/recalca-claudia-sheinbaum-que-el-tren-maya-es-una-hazana-historica\/","title":{"rendered":"Recalca Claudia Sheinbaum que el Tren Maya es una \u201chaza\u00f1a hist\u00f3rica\u201d"},"content":{"rendered":"\n<p><\/p>\n\n\n\n<p>La virtual presidenta electa, Claudia Sheinbaum, comparti\u00f3 en la red social X que, el Tren Maya es una haza\u00f1a hist\u00f3rica, tras la visita que realiz\u00f3 este fin de semana con el presidente Andr\u00e9s Manuel L\u00f3pez Obrador.<\/p>\n\n\n\n<blockquote class=\"wp-block-quote is-layout-flow wp-block-quote-is-layout-flow\">\n<p>\u201cAyer estuvimos en reuniones de evaluaci\u00f3n del Tren Maya y viajamos de la estaci\u00f3n Teya en Kanas\u00edn, Yucat\u00e1n, a la estaci\u00f3n Canc\u00fan Aeropuerto en Quintana Roo. Esta obra es una haza\u00f1a hist\u00f3rica, destac\u00f3.<\/p>\n<\/blockquote>\n\n\n\n<p>Sheinbaum Pardo recalc\u00f3 el rescate de sitios arqueol\u00f3gicos, el decreto de miles de hect\u00e1reas como \u00e1reas naturales protegidas, el reordenamiento territorial y la grandeza de la cultura maya.<\/p>\n\n\n\n<blockquote class=\"wp-block-quote is-layout-flow wp-block-quote-is-layout-flow\">\n<p>\u201cNo solo son los m\u00e1s de 1500 kil\u00f3metros construidos en 5 a\u00f1os y la belleza del viaje. Es el rescate de los sitios arqueol\u00f3gicos, el decreto de cientos de miles de hect\u00e1reas de \u00c1reas Naturales Protegidas, la inversi\u00f3n para el bienestar de decenas de comunidades, el ordenamiento territorial, es tambi\u00e9n reconocernos en la grandeza de la cultura Maya de entonces y de ahora\u201d, dijo la virtual mandataria electa.<\/p>\n<\/blockquote>\n\n\n\n<p>Tambi\u00e9n Claudia Sheinbaum felicit\u00f3 a los ingenieros y trabajadores de la obra y insignia de la actual administraci\u00f3n.<\/p>\n\n\n\n<blockquote class=\"wp-block-quote is-layout-flow wp-block-quote-is-layout-flow\">\n<p>\u201cFelicidades a todas las empresas, ingenieros, trabajadores, ingenieros militares, es algo impresionante lo que se ha logrado\u201d, agreg\u00f3.<\/p>\n<\/blockquote>\n\n\n\n<p>Fuente: El <a href=\"https:\/\/www.eluniversal.com.mx\/nacion\/claudia-sheinbaum-recalca-que-el-tren-maya-es-una-hazana-historica\/\" data-type=\"link\" data-id=\"https:\/\/www.eluniversal.com.mx\/nacion\/claudia-sheinbaum-recalca-que-el-tren-maya-es-una-hazana-historica\/\">Universal<\/a><br><\/p>\n","protected":false},"excerpt":{"rendered":"<p>La virtual presidenta electa, Claudia Sheinbaum, comparti\u00f3 en la red social X que, el Tren Maya es una haza\u00f1a hist\u00f3rica, tras la visita que realiz\u00f3 este fin de semana con el presidente Andr\u00e9s Manuel L\u00f3pez Obrador. \u201cAyer estuvimos en reuniones de evaluaci\u00f3n del Tren Maya y viajamos de la estaci\u00f3n Teya en Kanas\u00edn, Yucat\u00e1n, a [&hellip;]<\/p>\n","protected":false},"author":35,"featured_media":153206,"comment_status":"open","ping_status":"open","sticky":false,"template":"","format":"standard","meta":{"_monsterinsights_skip_tracking":false,"_monsterinsights_sitenote_active":false,"_monsterinsights_sitenote_note":"","_monsterinsights_sitenote_category":0,"footnotes":""},"categories":[157],"tags":[188,2801,162,4217],"class_list":["post-153205","post","type-post","status-publish","format-standard","has-post-thumbnail","hentry","category-nacional","tag-amlo","tag-claudia-sheinbaum","tag-portada","tag-tren-maya","wp-image-borders"],"amp_enabled":true,"_links":{"self":[{"href":"https:\/\/nvnoticias.mx\/index.php\/wp-json\/wp\/v2\/posts\/153205","targetHints":{"allow":["GET"]}}],"collection":[{"href":"https:\/\/nvnoticias.mx\/index.php\/wp-json\/wp\/v2\/posts"}],"about":[{"href":"https:\/\/nvnoticias.mx\/index.php\/wp-json\/wp\/v2\/types\/post"}],"author":[{"embeddable":true,"href":"https:\/\/nvnoticias.mx\/index.php\/wp-json\/wp\/v2\/users\/35"}],"replies":[{"embeddable":true,"href":"https:\/\/nvnoticias.mx\/index.php\/wp-json\/wp\/v2\/comments?post=153205"}],"version-history":[{"count":1,"href":"https:\/\/nvnoticias.mx\/index.php\/wp-json\/wp\/v2\/posts\/153205\/revisions"}],"predecessor-version":[{"id":153207,"href":"https:\/\/nvnoticias.mx\/index.php\/wp-json\/wp\/v2\/posts\/153205\/revisions\/153207"}],"wp:featuredmedia":[{"embeddable":true,"href":"https:\/\/nvnoticias.mx\/index.php\/wp-json\/wp\/v2\/media\/153206"}],"wp:attachment":[{"href":"https:\/\/nvnoticias.mx\/index.php\/wp-json\/wp\/v2\/media?parent=153205"}],"wp:term":[{"taxonomy":"category","embeddable":true,"href":"https:\/\/nvnoticias.mx\/index.php\/wp-json\/wp\/v2\/categories?post=153205"},{"taxonomy":"post_tag","embeddable":true,"href":"https:\/\/nvnoticias.mx\/index.php\/wp-json\/wp\/v2\/tags?post=153205"}],"curies":[{"name":"wp","href":"https:\/\/api.w.org\/{rel}","templated":true}]}}