{"id":153150,"date":"2024-06-28T15:29:59","date_gmt":"2024-06-28T21:29:59","guid":{"rendered":"https:\/\/nvnoticias.mx\/?p=153150"},"modified":"2024-06-28T15:30:00","modified_gmt":"2024-06-28T21:30:00","slug":"revisan-las-gradas-del-carnaval-de-veracruz","status":"publish","type":"post","link":"https:\/\/nvnoticias.mx\/index.php\/2024\/06\/28\/revisan-las-gradas-del-carnaval-de-veracruz\/","title":{"rendered":"Revisan las gradas del carnaval de Veracruz"},"content":{"rendered":"\n<p><\/p>\n\n\n\n<p><strong>Jes\u00fas Utrilla \/ NV Noticias<\/strong><\/p>\n\n\n\n<p>Autoridades municipales llevaron a cabo la revisi\u00f3n de gradas del Carnaval, ubicadas en el bulevar costero y en la macroplaza del Malec\u00f3n. <\/p>\n\n\n\n<p>La alcaldesa Patricia Lobeira Rodr\u00edguez se\u00f1al\u00f3 que todo est\u00e1 listo para un fin de semana de fiesta. Exhort\u00f3 a quienes asistir\u00e1n al evento masivo en la macroplaza del Malec\u00f3n a llegar con tiempo ya que desde las 4:00 de la ma\u00f1ana algunas personas se formaron para ser de los primeros y seguramente el concierto de Ricky Martin estar\u00e1 lleno.<\/p>\n\n\n\n<p>Coment\u00f3 que adem\u00e1s de la revisi\u00f3n de gradas en el bulevar Manuel \u00c1vila Camacho se supervisaron las estructuras que se encuentran en la macroplaza del malec\u00f3n ante el inicio de los conciertos masivos.<\/p>\n\n\n\n<blockquote class=\"wp-block-quote is-layout-flow wp-block-quote-is-layout-flow\">\n<p><em>\u201cHay que llegar temprano porque desde las 4:00 de la ma\u00f1ana hay mucha gente esperando para ver a Ricky Martin. Ya hicimos tambi\u00e9n una supervisi\u00f3n de protecci\u00f3n civil en la macroplaza\u201d.<\/em><\/p>\n<\/blockquote>\n\n\n\n<p>Por su parte, el director de Protecci\u00f3n Civil Alfonso Garc\u00ed Cardona dijo que el s\u00e1bado llevar\u00e1n a cabo una inspecci\u00f3n m\u00e1s en el bulevar costero para que todo est\u00e9 en orden para el primer paseo de Carnaval que ser\u00e1 a partir de las 6:00 de la tarde.<\/p>\n\n\n\n<p>Coment\u00f3 que para que una grada pueda caerse necesita tener falla en al menos 40 por ciento de sus elementos, por lo que dif\u00edcilmente alguna puede desplomarse. Admiti\u00f3 que a\u00fan quedan estructuras por colocar, pero las que ir\u00e1n en bocacalles.<\/p>\n\n\n\n<blockquote class=\"wp-block-quote is-layout-flow wp-block-quote-is-layout-flow\">\n<p><em>\u201cLa revisi\u00f3n de las gradas es para evitar riesgos y verificar la seguridad de visitantes y locales, se trata de ocho kil\u00f3metros de estructuras met\u00e1licas que se revisa. Es dif\u00edcil que una estructura de este tipo colapse o sufra da\u00f1o, sin embargo, se verifica que est\u00e9n bien sujetas, que no haya ning\u00fan problema para el momento de su uso\u201d.<\/em><\/p>\n<\/blockquote>\n\n\n\n<p>La revisi\u00f3n concluir\u00e1 el s\u00e1bado en el transcurso de la ma\u00f1ana, la realizar\u00e1 personal de Protecci\u00f3n Civil y otras \u00e1reas del municipio porte\u00f1o.<\/p>\n\n\n\n<p>Es importante mencionar que este s\u00e1bado 29 de junio es el primer desfile del Carnaval de Veracruz a las 18 horas.<\/p>\n","protected":false},"excerpt":{"rendered":"<p>Jes\u00fas Utrilla \/ NV Noticias Autoridades municipales llevaron a cabo la revisi\u00f3n de gradas del Carnaval, ubicadas en el bulevar costero y en la macroplaza del Malec\u00f3n. La alcaldesa Patricia Lobeira Rodr\u00edguez se\u00f1al\u00f3 que todo est\u00e1 listo para un fin de semana de fiesta. Exhort\u00f3 a quienes asistir\u00e1n al evento masivo en la macroplaza del [&hellip;]<\/p>\n","protected":false},"author":8,"featured_media":153151,"comment_status":"open","ping_status":"open","sticky":false,"template":"","format":"standard","meta":{"_monsterinsights_skip_tracking":false,"_monsterinsights_sitenote_active":false,"_monsterinsights_sitenote_note":"","_monsterinsights_sitenote_category":0,"footnotes":""},"categories":[154],"tags":[29070,13022,30349],"class_list":["post-153150","post","type-post","status-publish","format-standard","has-post-thumbnail","hentry","category-veracruz","tag-carnaval-de-veracruz-2024","tag-gradas","tag-proteccion-civil-de-veracruz","wp-image-borders"],"amp_enabled":true,"_links":{"self":[{"href":"https:\/\/nvnoticias.mx\/index.php\/wp-json\/wp\/v2\/posts\/153150","targetHints":{"allow":["GET"]}}],"collection":[{"href":"https:\/\/nvnoticias.mx\/index.php\/wp-json\/wp\/v2\/posts"}],"about":[{"href":"https:\/\/nvnoticias.mx\/index.php\/wp-json\/wp\/v2\/types\/post"}],"author":[{"embeddable":true,"href":"https:\/\/nvnoticias.mx\/index.php\/wp-json\/wp\/v2\/users\/8"}],"replies":[{"embeddable":true,"href":"https:\/\/nvnoticias.mx\/index.php\/wp-json\/wp\/v2\/comments?post=153150"}],"version-history":[{"count":1,"href":"https:\/\/nvnoticias.mx\/index.php\/wp-json\/wp\/v2\/posts\/153150\/revisions"}],"predecessor-version":[{"id":153152,"href":"https:\/\/nvnoticias.mx\/index.php\/wp-json\/wp\/v2\/posts\/153150\/revisions\/153152"}],"wp:featuredmedia":[{"embeddable":true,"href":"https:\/\/nvnoticias.mx\/index.php\/wp-json\/wp\/v2\/media\/153151"}],"wp:attachment":[{"href":"https:\/\/nvnoticias.mx\/index.php\/wp-json\/wp\/v2\/media?parent=153150"}],"wp:term":[{"taxonomy":"category","embeddable":true,"href":"https:\/\/nvnoticias.mx\/index.php\/wp-json\/wp\/v2\/categories?post=153150"},{"taxonomy":"post_tag","embeddable":true,"href":"https:\/\/nvnoticias.mx\/index.php\/wp-json\/wp\/v2\/tags?post=153150"}],"curies":[{"name":"wp","href":"https:\/\/api.w.org\/{rel}","templated":true}]}}