{"id":153073,"date":"2024-06-28T09:40:01","date_gmt":"2024-06-28T15:40:01","guid":{"rendered":"https:\/\/nvnoticias.mx\/?p=153073"},"modified":"2024-06-28T09:40:02","modified_gmt":"2024-06-28T15:40:02","slug":"encuentro-con-sheinbaum-gobernadores-y-mandatarios-electos-de-morena-fue-muy-bueno-amlo","status":"publish","type":"post","link":"https:\/\/nvnoticias.mx\/index.php\/2024\/06\/28\/encuentro-con-sheinbaum-gobernadores-y-mandatarios-electos-de-morena-fue-muy-bueno-amlo\/","title":{"rendered":"Encuentro con Sheinbaum, gobernadores y mandatarios electos de Morena fue muy bueno: AMLO"},"content":{"rendered":"\n<p>El presidente Andr\u00e9s Manuel L\u00f3pez Obrador calific\u00f3 como un &#8220;buen encuentro&#8221; la cena de anoche que convoc\u00f3 la virtual presidenta electa Claudia Sheinbaum, con los gobernadores y mandatarios electos de Morena y partidos aliados, donde hubo mucha unidad y mucha confianza en la futura Jefa del Ejecutivo.<\/p>\n\n\n\n<blockquote class=\"wp-block-quote is-layout-flow wp-block-quote-is-layout-flow\">\n<p>\u201cNo se plante\u00f3 m\u00e1s que la unidad que se logr\u00f3 tambi\u00e9n ejemplar, y toda la confianza que tenemos a Claudia Sheinbaum por las razones que expuse. Coincidimos que hay gobernabilidad en el pa\u00eds\u201d.<\/p>\n<\/blockquote>\n\n\n\n<blockquote class=\"wp-block-quote is-layout-flow wp-block-quote-is-layout-flow\">\n<p>\u201cNos reunimos ayer, nos invit\u00f3 la presidenta electa, estuvimos en compa\u00f1\u00eda de gobernadoras, gobernadores, y fue una muy buena conversaci\u00f3n, una buena pl\u00e1tica, de todos no falt\u00f3 nadie, hay bastante unidad en el movimiento y eso fue lo que sucedi\u00f3\u201d.<\/p>\n<\/blockquote>\n\n\n\n<p>En conferencia de prensa, el titular del Ejecutivo destac\u00f3 que en el c\u00f3nclave, en hotel Hilton de la Ciudad de M\u00e9xico, analizaron los resultados de la pasada elecci\u00f3n.<\/p>\n\n\n\n<blockquote class=\"wp-block-quote is-layout-flow wp-block-quote-is-layout-flow\">\n<p>\u201cComo es de dominio p\u00fablico el pueblo vot\u00f3 por la transformaci\u00f3n, vot\u00f3 por Claudia Sheinbaum para presidenta, ya saben que opino, igual que el pueblo, respeto a quienes opinan distinto, pero Sheinbaum es una mujer preparada, del m\u00e1ximo nivel acad\u00e9mico\u201d.<\/p>\n<\/blockquote>\n\n\n\n<p>Destac\u00f3 que la futura presidenta de M\u00e9xico cuenta con un doctorado, posee mucha experiencia, ya ha gobernado la Ciudad de M\u00e9xico.<\/p>\n\n\n\n<blockquote class=\"wp-block-quote is-layout-flow wp-block-quote-is-layout-flow\">\n<p>\u201cEs sensible, le tiene amor al pueblo, es honesta y es la primera mujer que va a gobernar a M\u00e9xico, ahora no alcanzamos a internalizarlo, pero al paso del tiempo se va a entender que fue toda una haza\u00f1a porque el pueblo de M\u00e9xico actu\u00f3 de manera ejemplar\u201d.<\/p>\n<\/blockquote>\n\n\n\n<p>Fuente: El <a href=\"https:\/\/www.eluniversal.com.mx\/nacion\/encuentro-con-sheinbaum-gobernadores-y-mandatarios-electos-de-morena-fue-muy-bueno-afirma-amlo\/\" data-type=\"link\" data-id=\"https:\/\/www.eluniversal.com.mx\/nacion\/encuentro-con-sheinbaum-gobernadores-y-mandatarios-electos-de-morena-fue-muy-bueno-afirma-amlo\/\">Universal<\/a><br><\/p>\n\n\n\n<p><\/p>\n","protected":false},"excerpt":{"rendered":"<p>El presidente Andr\u00e9s Manuel L\u00f3pez Obrador calific\u00f3 como un &#8220;buen encuentro&#8221; la cena de anoche que convoc\u00f3 la virtual presidenta electa Claudia Sheinbaum, con los gobernadores y mandatarios electos de Morena y partidos aliados, donde hubo mucha unidad y mucha confianza en la futura Jefa del Ejecutivo. \u201cNo se plante\u00f3 m\u00e1s que la unidad que [&hellip;]<\/p>\n","protected":false},"author":35,"featured_media":105248,"comment_status":"open","ping_status":"open","sticky":false,"template":"","format":"standard","meta":{"_monsterinsights_skip_tracking":false,"_monsterinsights_sitenote_active":false,"_monsterinsights_sitenote_note":"","_monsterinsights_sitenote_category":0,"footnotes":""},"categories":[158],"tags":[188,11101,676],"class_list":["post-153073","post","type-post","status-publish","format-standard","has-post-thumbnail","hentry","category-politica","tag-amlo","tag-encuentro","tag-gobernadores","wp-image-borders"],"amp_enabled":true,"_links":{"self":[{"href":"https:\/\/nvnoticias.mx\/index.php\/wp-json\/wp\/v2\/posts\/153073","targetHints":{"allow":["GET"]}}],"collection":[{"href":"https:\/\/nvnoticias.mx\/index.php\/wp-json\/wp\/v2\/posts"}],"about":[{"href":"https:\/\/nvnoticias.mx\/index.php\/wp-json\/wp\/v2\/types\/post"}],"author":[{"embeddable":true,"href":"https:\/\/nvnoticias.mx\/index.php\/wp-json\/wp\/v2\/users\/35"}],"replies":[{"embeddable":true,"href":"https:\/\/nvnoticias.mx\/index.php\/wp-json\/wp\/v2\/comments?post=153073"}],"version-history":[{"count":1,"href":"https:\/\/nvnoticias.mx\/index.php\/wp-json\/wp\/v2\/posts\/153073\/revisions"}],"predecessor-version":[{"id":153074,"href":"https:\/\/nvnoticias.mx\/index.php\/wp-json\/wp\/v2\/posts\/153073\/revisions\/153074"}],"wp:featuredmedia":[{"embeddable":true,"href":"https:\/\/nvnoticias.mx\/index.php\/wp-json\/wp\/v2\/media\/105248"}],"wp:attachment":[{"href":"https:\/\/nvnoticias.mx\/index.php\/wp-json\/wp\/v2\/media?parent=153073"}],"wp:term":[{"taxonomy":"category","embeddable":true,"href":"https:\/\/nvnoticias.mx\/index.php\/wp-json\/wp\/v2\/categories?post=153073"},{"taxonomy":"post_tag","embeddable":true,"href":"https:\/\/nvnoticias.mx\/index.php\/wp-json\/wp\/v2\/tags?post=153073"}],"curies":[{"name":"wp","href":"https:\/\/api.w.org\/{rel}","templated":true}]}}