{"id":153048,"date":"2024-06-27T21:41:23","date_gmt":"2024-06-28T03:41:23","guid":{"rendered":"https:\/\/nvnoticias.mx\/?p=153048"},"modified":"2024-06-27T21:41:25","modified_gmt":"2024-06-28T03:41:25","slug":"yuridia-valenzuela-canseco-ya-es-la-reina-de-la-alegria-del-carnaval-de-veracruz-2024","status":"publish","type":"post","link":"https:\/\/nvnoticias.mx\/index.php\/2024\/06\/27\/yuridia-valenzuela-canseco-ya-es-la-reina-de-la-alegria-del-carnaval-de-veracruz-2024\/","title":{"rendered":"Yuridia Valenzuela Canseco, ya es la Reina de la Alegr\u00eda del Carnaval de Veracruz 2024"},"content":{"rendered":"\n<p><\/p>\n\n\n\n<p><strong>Jes\u00fas Utrilla \/ NV Noticias<\/strong><\/p>\n\n\n\n<p>Yuridia Valenzuela Canseco fue coronada como Reina de la Alegr\u00eda del Carnaval de veracruz 2024.<\/p>\n\n\n\n<p>Yuri I recibi\u00f3 la corona de manos del alcaldesa de Veracruz, Patricia Lobeira Rodr\u00edguez.<\/p>\n\n\n\n<p>El evento inici\u00f3 con un deslumbrante desfile en el que participaron exreyes y exreinas del carnaval, quienes con su presencia rememoraron las glorias de a\u00f1os anteriores. <\/p>\n\n\n\n<p>Vestidos con trajes majestuosos y adornos brillantes, estos exmonarcas desfilaron ante una multitud entusiasta que aplaudi\u00f3 y vitore\u00f3 su paso, celebrando la rica historia y tradici\u00f3n del carnaval veracruzano.<\/p>\n\n\n\n<p>Junto a ellos, los integrantes de la nueva corte real tambi\u00e9n hicieron su aparici\u00f3n, desbordando alegr\u00eda y entusiasmo. <\/p>\n\n\n\n<p>Cada miembro de la corte, con sus trajes resplandecientes y su energ\u00eda contagiosa, se present\u00f3 ante el p\u00fablico con la promesa de hacer de esta edici\u00f3n del carnaval una de las m\u00e1s memorables.<\/p>\n\n\n\n<p>El punto culminante de la noche lleg\u00f3 cuando Yuridia Valenzuela Canseco, mejor conocida como Yuri, fue coronada como Reina de la Alegr\u00eda del Carnaval de Veracruz 2024.<\/p>\n\n\n\n<p>La talentosa artista, quien ha llevado el nombre de Veracruz con orgullo por todo el mundo, se mostr\u00f3 emocionada y agradecida al recibir la corona de manos de la alcaldesa Patricia Lobeira Rodr\u00edguez.<\/p>\n\n\n\n<p>Esteban Ram\u00edrez Rojano, conocido como \u201cBlanca Nieves Primero\u201d, fue coronado como Rey de la Alegr\u00eda. Tambi\u00e9n coronaron a los reyes infantiles Kaztenny Barbeito de la Vega y Jean Carlo Saraiba.<\/p>\n\n\n\n<p>Yuri sali\u00f3 cantando una melod\u00eda hablando del orgullo de ser veracruzano, y aprovech\u00f3 tambi\u00e9n para agradecer que la tomaran en cuenta para volver a ser la reina de las fiestas.<\/p>\n\n\n\n<p>La noche fue amenizada por Matute y ma\u00f1ana se presentar\u00e1 en la macroplaza del malec\u00f3n, el cantante Ricky Martin.<\/p>\n\n\n\n<p><\/p>\n","protected":false},"excerpt":{"rendered":"<p>Jes\u00fas Utrilla \/ NV Noticias Yuridia Valenzuela Canseco fue coronada como Reina de la Alegr\u00eda del Carnaval de veracruz 2024. Yuri I recibi\u00f3 la corona de manos del alcaldesa de Veracruz, Patricia Lobeira Rodr\u00edguez. El evento inici\u00f3 con un deslumbrante desfile en el que participaron exreyes y exreinas del carnaval, quienes con su presencia rememoraron [&hellip;]<\/p>\n","protected":false},"author":8,"featured_media":153049,"comment_status":"open","ping_status":"open","sticky":false,"template":"","format":"standard","meta":{"_monsterinsights_skip_tracking":false,"_monsterinsights_sitenote_active":false,"_monsterinsights_sitenote_note":"","_monsterinsights_sitenote_category":0,"footnotes":""},"categories":[154],"tags":[29070,16535,162,1439],"class_list":["post-153048","post","type-post","status-publish","format-standard","has-post-thumbnail","hentry","category-veracruz","tag-carnaval-de-veracruz-2024","tag-coronacion","tag-portada","tag-yuri","wp-image-borders"],"amp_enabled":true,"_links":{"self":[{"href":"https:\/\/nvnoticias.mx\/index.php\/wp-json\/wp\/v2\/posts\/153048","targetHints":{"allow":["GET"]}}],"collection":[{"href":"https:\/\/nvnoticias.mx\/index.php\/wp-json\/wp\/v2\/posts"}],"about":[{"href":"https:\/\/nvnoticias.mx\/index.php\/wp-json\/wp\/v2\/types\/post"}],"author":[{"embeddable":true,"href":"https:\/\/nvnoticias.mx\/index.php\/wp-json\/wp\/v2\/users\/8"}],"replies":[{"embeddable":true,"href":"https:\/\/nvnoticias.mx\/index.php\/wp-json\/wp\/v2\/comments?post=153048"}],"version-history":[{"count":1,"href":"https:\/\/nvnoticias.mx\/index.php\/wp-json\/wp\/v2\/posts\/153048\/revisions"}],"predecessor-version":[{"id":153050,"href":"https:\/\/nvnoticias.mx\/index.php\/wp-json\/wp\/v2\/posts\/153048\/revisions\/153050"}],"wp:featuredmedia":[{"embeddable":true,"href":"https:\/\/nvnoticias.mx\/index.php\/wp-json\/wp\/v2\/media\/153049"}],"wp:attachment":[{"href":"https:\/\/nvnoticias.mx\/index.php\/wp-json\/wp\/v2\/media?parent=153048"}],"wp:term":[{"taxonomy":"category","embeddable":true,"href":"https:\/\/nvnoticias.mx\/index.php\/wp-json\/wp\/v2\/categories?post=153048"},{"taxonomy":"post_tag","embeddable":true,"href":"https:\/\/nvnoticias.mx\/index.php\/wp-json\/wp\/v2\/tags?post=153048"}],"curies":[{"name":"wp","href":"https:\/\/api.w.org\/{rel}","templated":true}]}}