{"id":153030,"date":"2024-06-27T15:00:31","date_gmt":"2024-06-27T21:00:31","guid":{"rendered":"https:\/\/nvnoticias.mx\/?p=153030"},"modified":"2024-06-27T15:00:32","modified_gmt":"2024-06-27T21:00:32","slug":"la-cantante-veracruzana-yuri-llevo-a-cabo-la-prueba-de-sonido-en-la-macroplaza-del-malecon","status":"publish","type":"post","link":"https:\/\/nvnoticias.mx\/index.php\/2024\/06\/27\/la-cantante-veracruzana-yuri-llevo-a-cabo-la-prueba-de-sonido-en-la-macroplaza-del-malecon\/","title":{"rendered":"La cantante veracruzana Yuri llev\u00f3 a cabo la prueba de sonido en la macroplaza del Malec\u00f3n"},"content":{"rendered":"\n<p><\/p>\n\n\n\n<p><strong>Jes\u00fas Utrilla \/ NV Noticias<\/strong><\/p>\n\n\n\n<p>Este jueves, la cantante veracruzana Yuri llev\u00f3 a cabo la prueba de sonido en la macroplaza del Malec\u00f3n de Veracruz, prepar\u00e1ndose para su actuaci\u00f3n nocturna en la coronaci\u00f3n de la corte real del Carnaval de Veracruz 2024. <\/p>\n\n\n\n<p>La artista, famosa por su energ\u00eda y carisma en el escenario, comparti\u00f3 su entusiasmo en una breve declaraci\u00f3n a los medios.<\/p>\n\n\n\n<p>Yuri expres\u00f3 su alegr\u00eda por volver a ser la reina del carnaval, afirmando con entusiasmo: \u201cSer\u00e9 la reina de la alegr\u00eda&#8221;, destacando su felicidad y orgullo por recibir nuevamente este honor. <\/p>\n\n\n\n<p>Para Yuri, este t\u00edtulo no es solo un reconocimiento, sino tambi\u00e9n una celebraci\u00f3n de su estrecha conexi\u00f3n con el pueblo veracruzano que siempre la ha apoyado.<\/p>\n\n\n\n<p>En cuanto a su agenda durante el carnaval, Yuri explic\u00f3 que no podr\u00e1 asistir a los paseos del s\u00e1bado debido a compromisos previos.<\/p>\n\n\n\n<p>Coment\u00f3 que el viernes estar\u00e1 ocupada con actividades de su gira junto a Cristian Castro, una serie de conciertos que ha despertado gran expectativa. <\/p>\n\n\n\n<p>Sin embargo, asegur\u00f3 que desde el domingo hasta el martes estar\u00e1 presente en los desfiles de carros aleg\u00f3ricos que recorrer\u00e1n el bulevar Manuel \u00c1vila Camacho, uno de los eventos m\u00e1s esperados del carnaval.<\/p>\n\n\n\n<p>Estos desfiles, conocidos por su colorido y alegr\u00eda, contar\u00e1n con la participaci\u00f3n de Yuri, quien promete infundir energ\u00eda y entusiasmo en cada momento. <\/p>\n\n\n\n<p>La cantante ha expresado que este carnaval ser\u00e1 particularmente especial, ya que representa su regreso a un escenario que le es muy querido. <\/p>\n\n\n\n<p>Se espera que miles de personas se re\u00fanan para disfrutar de las festividades, y la presencia de Yuri a\u00f1adir\u00e1 sin duda un toque especial a las celebraciones.<\/p>\n\n\n\n<p>El Carnaval de Veracruz, uno de los m\u00e1s antiguos y significativos de M\u00e9xico, se destaca por su vibrante combinaci\u00f3n de m\u00fasica, danza y tradici\u00f3n. <\/p>\n\n\n\n<p>La participaci\u00f3n de Yuri como reina de la alegr\u00eda resalta el esp\u00edritu festivo y acogedor de este evento, que atrae a visitantes de todo el pa\u00eds y del extranjero. <\/p>\n\n\n\n<p>Con su carisma y talento, Yuri ser\u00e1 una figura central en los eventos programados, llevando la esencia del carnaval a todos los presentes.<\/p>\n","protected":false},"excerpt":{"rendered":"<p>Jes\u00fas Utrilla \/ NV Noticias Este jueves, la cantante veracruzana Yuri llev\u00f3 a cabo la prueba de sonido en la macroplaza del Malec\u00f3n de Veracruz, prepar\u00e1ndose para su actuaci\u00f3n nocturna en la coronaci\u00f3n de la corte real del Carnaval de Veracruz 2024. La artista, famosa por su energ\u00eda y carisma en el escenario, comparti\u00f3 su [&hellip;]<\/p>\n","protected":false},"author":8,"featured_media":153031,"comment_status":"open","ping_status":"open","sticky":false,"template":"","format":"standard","meta":{"_monsterinsights_skip_tracking":false,"_monsterinsights_sitenote_active":false,"_monsterinsights_sitenote_note":"","_monsterinsights_sitenote_category":0,"footnotes":""},"categories":[154],"tags":[29070,30339,1439],"class_list":["post-153030","post","type-post","status-publish","format-standard","has-post-thumbnail","hentry","category-veracruz","tag-carnaval-de-veracruz-2024","tag-prueba-de-sonido","tag-yuri","wp-image-borders"],"amp_enabled":true,"_links":{"self":[{"href":"https:\/\/nvnoticias.mx\/index.php\/wp-json\/wp\/v2\/posts\/153030","targetHints":{"allow":["GET"]}}],"collection":[{"href":"https:\/\/nvnoticias.mx\/index.php\/wp-json\/wp\/v2\/posts"}],"about":[{"href":"https:\/\/nvnoticias.mx\/index.php\/wp-json\/wp\/v2\/types\/post"}],"author":[{"embeddable":true,"href":"https:\/\/nvnoticias.mx\/index.php\/wp-json\/wp\/v2\/users\/8"}],"replies":[{"embeddable":true,"href":"https:\/\/nvnoticias.mx\/index.php\/wp-json\/wp\/v2\/comments?post=153030"}],"version-history":[{"count":1,"href":"https:\/\/nvnoticias.mx\/index.php\/wp-json\/wp\/v2\/posts\/153030\/revisions"}],"predecessor-version":[{"id":153032,"href":"https:\/\/nvnoticias.mx\/index.php\/wp-json\/wp\/v2\/posts\/153030\/revisions\/153032"}],"wp:featuredmedia":[{"embeddable":true,"href":"https:\/\/nvnoticias.mx\/index.php\/wp-json\/wp\/v2\/media\/153031"}],"wp:attachment":[{"href":"https:\/\/nvnoticias.mx\/index.php\/wp-json\/wp\/v2\/media?parent=153030"}],"wp:term":[{"taxonomy":"category","embeddable":true,"href":"https:\/\/nvnoticias.mx\/index.php\/wp-json\/wp\/v2\/categories?post=153030"},{"taxonomy":"post_tag","embeddable":true,"href":"https:\/\/nvnoticias.mx\/index.php\/wp-json\/wp\/v2\/tags?post=153030"}],"curies":[{"name":"wp","href":"https:\/\/api.w.org\/{rel}","templated":true}]}}