{"id":152991,"date":"2024-06-27T10:13:38","date_gmt":"2024-06-27T16:13:38","guid":{"rendered":"https:\/\/nvnoticias.mx\/?p=152991"},"modified":"2024-06-27T10:13:40","modified_gmt":"2024-06-27T16:13:40","slug":"revira-amlo-a-xochitl-galvez-tras-acusarlo-de-intervenir-en-el-pasado-proceso-electoral","status":"publish","type":"post","link":"https:\/\/nvnoticias.mx\/index.php\/2024\/06\/27\/revira-amlo-a-xochitl-galvez-tras-acusarlo-de-intervenir-en-el-pasado-proceso-electoral\/","title":{"rendered":"Revira AMLO a X\u00f3chitl G\u00e1lvez tras acusarlo de intervenir en el pasado proceso electoral"},"content":{"rendered":"\n<p>\u201cNo somos iguales\u201d, respondi\u00f3 el presidente Andr\u00e9s Manuel L\u00f3pez Obrador al rechazar que haya \u201cmetido las manos\u201d en el pasado proceso electoral como acusa la excandidata presidencial de oposici\u00f3n X\u00f3chitl G\u00e1lvez.<\/p>\n\n\n\n<blockquote class=\"wp-block-quote is-layout-flow wp-block-quote-is-layout-flow\">\n<p>\u201cNo soy igual que ellos, no somos iguales, yo soy dem\u00f3crata, ellos son partidarios de la oligarqu\u00eda; no de la democracia, son como sepulcros blanqueados, muy hip\u00f3critas; en sentido estricto no son dem\u00f3cratas, ellos no quieren al pueblo, aunque vengan del pueblo se voltean al pueblo, se vuelven ladinos\u201d.<\/p>\n<\/blockquote>\n\n\n\n<p>En conferencia de prensa, el Mandatario celebr\u00f3 que la tambi\u00e9n senadora por el PAN presentar\u00e1 una iniciativa para que la intromisi\u00f3n del Presidente en procesos electorales sea tipificada como traici\u00f3n a la patria.<\/p>\n\n\n\n<blockquote class=\"wp-block-quote is-layout-flow wp-block-quote-is-layout-flow\">\n<p>\u201cEst\u00e1 muy bien, pero ya est\u00e1 el que pueda ser juzgado el Presidente por cualquier delito\u201d.<\/p>\n<\/blockquote>\n\n\n\n<p>Record\u00f3 que durante su administraci\u00f3n se hizo una reforma constitucional para que al Presidente se le pueda juzgar por cualquier delito, para que no haya fuero, \u201cest\u00e1 bien la se\u00f1ora X\u00f3chitl\u201d.<\/p>\n\n\n\n<p>El titular del Ejecutivo areng\u00f3 un \u201cya basta\u201d de usar la palabra democr\u00e1tica, por sus adversarios, porque insisti\u00f3 en que ellos no quieren al pueblo, por eso son clasistas, racistas y discriminan.<\/p>\n\n\n\n<p>Fuente: El <a href=\"https:\/\/www.eluniversal.com.mx\/nacion\/no-somos-iguales-revira-amlo-a-xochitl-galvez-tras-acusarlo-de-intervenir-en-el-pasado-proceso-electoral\/\" data-type=\"link\" data-id=\"https:\/\/www.eluniversal.com.mx\/nacion\/no-somos-iguales-revira-amlo-a-xochitl-galvez-tras-acusarlo-de-intervenir-en-el-pasado-proceso-electoral\/\">Universal<\/a><br><\/p>\n","protected":false},"excerpt":{"rendered":"<p>\u201cNo somos iguales\u201d, respondi\u00f3 el presidente Andr\u00e9s Manuel L\u00f3pez Obrador al rechazar que haya \u201cmetido las manos\u201d en el pasado proceso electoral como acusa la excandidata presidencial de oposici\u00f3n X\u00f3chitl G\u00e1lvez. \u201cNo soy igual que ellos, no somos iguales, yo soy dem\u00f3crata, ellos son partidarios de la oligarqu\u00eda; no de la democracia, son como sepulcros [&hellip;]<\/p>\n","protected":false},"author":35,"featured_media":135357,"comment_status":"open","ping_status":"open","sticky":false,"template":"","format":"standard","meta":{"_monsterinsights_skip_tracking":false,"_monsterinsights_sitenote_active":false,"_monsterinsights_sitenote_note":"","_monsterinsights_sitenote_category":0,"footnotes":""},"categories":[158],"tags":[188,6005],"class_list":["post-152991","post","type-post","status-publish","format-standard","has-post-thumbnail","hentry","category-politica","tag-amlo","tag-xochilt-galvez","wp-image-borders"],"amp_enabled":true,"_links":{"self":[{"href":"https:\/\/nvnoticias.mx\/index.php\/wp-json\/wp\/v2\/posts\/152991","targetHints":{"allow":["GET"]}}],"collection":[{"href":"https:\/\/nvnoticias.mx\/index.php\/wp-json\/wp\/v2\/posts"}],"about":[{"href":"https:\/\/nvnoticias.mx\/index.php\/wp-json\/wp\/v2\/types\/post"}],"author":[{"embeddable":true,"href":"https:\/\/nvnoticias.mx\/index.php\/wp-json\/wp\/v2\/users\/35"}],"replies":[{"embeddable":true,"href":"https:\/\/nvnoticias.mx\/index.php\/wp-json\/wp\/v2\/comments?post=152991"}],"version-history":[{"count":1,"href":"https:\/\/nvnoticias.mx\/index.php\/wp-json\/wp\/v2\/posts\/152991\/revisions"}],"predecessor-version":[{"id":152992,"href":"https:\/\/nvnoticias.mx\/index.php\/wp-json\/wp\/v2\/posts\/152991\/revisions\/152992"}],"wp:featuredmedia":[{"embeddable":true,"href":"https:\/\/nvnoticias.mx\/index.php\/wp-json\/wp\/v2\/media\/135357"}],"wp:attachment":[{"href":"https:\/\/nvnoticias.mx\/index.php\/wp-json\/wp\/v2\/media?parent=152991"}],"wp:term":[{"taxonomy":"category","embeddable":true,"href":"https:\/\/nvnoticias.mx\/index.php\/wp-json\/wp\/v2\/categories?post=152991"},{"taxonomy":"post_tag","embeddable":true,"href":"https:\/\/nvnoticias.mx\/index.php\/wp-json\/wp\/v2\/tags?post=152991"}],"curies":[{"name":"wp","href":"https:\/\/api.w.org\/{rel}","templated":true}]}}